{"id":113768,"date":"2018-08-02T21:00:22","date_gmt":"2018-08-03T00:00:22","guid":{"rendered":"http:\/\/diarioregionaljf.com.br\/?p=113768"},"modified":"2018-08-02T21:00:22","modified_gmt":"2018-08-03T00:00:22","slug":"canil-municipal-promove-evento-de-adocao-na-ufjf","status":"publish","type":"post","link":"https:\/\/diarioregionaldigital.com.br\/?p=113768","title":{"rendered":"Canil Municipal promove evento de ado\u00e7\u00e3o na UFJF"},"content":{"rendered":"<p>O Canil Municipal realizar\u00e1 no pr\u00f3ximo domingo, 5, evento de ado\u00e7\u00e3o na Pra\u00e7a C\u00edvica da Universidade Federal de Juiz de Fora (UFJF). A a\u00e7\u00e3o acontecer\u00e1 das 10h \u00e0s 14 horas e integrar\u00e1 as atividades do \u201cDomingo no Campus\u201d. Vinte c\u00e3es e oito gatos resgatados das ruas estar\u00e3o \u00e0 espera de um lar respons\u00e1vel. Destes, 23 j\u00e1 est\u00e3o castrados e vacinados. Os demais, gatos com idade inferior a seis meses, ter\u00e3o castra\u00e7\u00e3o garantida pelo canil.<\/p>\n<p>&nbsp;<\/p>\n<p>Para a gerente do Departamento de Controle Animal (Decan), Miriam Neder, promover esse evento \u00e9 \u00f3tima oportunidade de aproveitar o p\u00fablico do \u201cDomingo no Campus\u201d. O diretor de Imagem Institucional da UFJF, M\u00e1rcio Guerra, destacou que a import\u00e2ncia de se realizar o evento de ado\u00e7\u00e3o no territ\u00f3rio da universidade \u00e9 poder envolver as crian\u00e7as nas atividades educacionais: \u201cAssim, elas aprendem sobre cuidado e zelo com os animais\u201d.<\/p>\n<p>&nbsp;<\/p>\n<p>Para os que querem adotar, mas n\u00e3o poder\u00e3o ir ao evento, o Decan disp\u00f5e do \u201cDisque-Ado\u00e7\u00e3o\u201d (3225-9933), que funciona das 8h \u00e0s 12 horas e das 13h \u00e0s 16, al\u00e9m da p\u00e1gina do facebook e o perfil no instagram.<\/p>\n<p>&nbsp;<\/p>\n<p>&nbsp;<\/p>\n<p>Fonte: Assessoria\/PJF<\/p>\n","protected":false},"excerpt":{"rendered":"<p>O Canil Municipal realizar\u00e1 no pr\u00f3ximo domingo, 5, evento de ado\u00e7\u00e3o na Pra\u00e7a C\u00edvica da Universidade Federal de Juiz de Fora (UFJF). A a\u00e7\u00e3o acontecer\u00e1 das 10h \u00e0s 14 horas e integrar\u00e1 as atividades do \u201cDomingo no Campus\u201d. Vinte c\u00e3es e oito gatos resgatados das ruas estar\u00e3o \u00e0 espera de um lar respons\u00e1vel. Destes, 23 [&hellip;]<\/p>\n","protected":false},"author":96,"featured_media":113770,"comment_status":"closed","ping_status":"closed","sticky":false,"template":"","format":"standard","meta":{"footnotes":""},"categories":[253,440,439],"tags":[],"class_list":["post-113768","post","type-post","status-publish","format-standard","has-post-thumbnail","hentry","category-cidade","category-destaques-do-dia","category-ultima-hora"],"_links":{"self":[{"href":"https:\/\/diarioregionaldigital.com.br\/index.php?rest_route=\/wp\/v2\/posts\/113768","targetHints":{"allow":["GET"]}}],"collection":[{"href":"https:\/\/diarioregionaldigital.com.br\/index.php?rest_route=\/wp\/v2\/posts"}],"about":[{"href":"https:\/\/diarioregionaldigital.com.br\/index.php?rest_route=\/wp\/v2\/types\/post"}],"author":[{"embeddable":true,"href":"https:\/\/diarioregionaldigital.com.br\/index.php?rest_route=\/wp\/v2\/users\/96"}],"replies":[{"embeddable":true,"href":"https:\/\/diarioregionaldigital.com.br\/index.php?rest_route=%2Fwp%2Fv2%2Fcomments&post=113768"}],"version-history":[{"count":0,"href":"https:\/\/diarioregionaldigital.com.br\/index.php?rest_route=\/wp\/v2\/posts\/113768\/revisions"}],"wp:featuredmedia":[{"embeddable":true,"href":"https:\/\/diarioregionaldigital.com.br\/index.php?rest_route=\/wp\/v2\/media\/113770"}],"wp:attachment":[{"href":"https:\/\/diarioregionaldigital.com.br\/index.php?rest_route=%2Fwp%2Fv2%2Fmedia&parent=113768"}],"wp:term":[{"taxonomy":"category","embeddable":true,"href":"https:\/\/diarioregionaldigital.com.br\/index.php?rest_route=%2Fwp%2Fv2%2Fcategories&post=113768"},{"taxonomy":"post_tag","embeddable":true,"href":"https:\/\/diarioregionaldigital.com.br\/index.php?rest_route=%2Fwp%2Fv2%2Ftags&post=113768"}],"curies":[{"name":"wp","href":"https:\/\/api.w.org\/{rel}","templated":true}]}}