{"id":113760,"date":"2018-08-03T06:00:30","date_gmt":"2018-08-03T09:00:30","guid":{"rendered":"http:\/\/diarioregionaljf.com.br\/?p=113760"},"modified":"2018-08-03T12:53:54","modified_gmt":"2018-08-03T15:53:54","slug":"tempo-nublado-com-possibilidade-de-chuva-marca-o-fim-de-semana-em-juiz-de-fora","status":"publish","type":"post","link":"https:\/\/diarioregionaldigital.com.br\/?p=113760","title":{"rendered":"Tempo nublado com possibilidade de chuva marca o fim de semana em Juiz de Fora"},"content":{"rendered":"<p>Juiz de Fora permanecer\u00e1 com o tempo nublado nesta sexta-feira, 3, com sol e muitas nuvens durante o dia, podendo ter chuvas isoladas. As temperaturas ficam entre 15\u00b0 e 20\u00b0, tendo uma relativa umidade do ar entre 96 a 62%. Esse tempo nublado e a umidade do ar permanecer\u00e3o durante o final de semana, valendo para toda a regi\u00e3o Zona da Mata, segundo as informa\u00e7\u00f5es do meteorologista do Instituto Nacional de Meteorologia (Immet), Claudemir Azevedo.<\/p>\n<p>&nbsp;<\/p>\n<div id=\"attachment_113764\" style=\"width: 1034px\" class=\"wp-caption aligncenter\"><img loading=\"lazy\" decoding=\"async\" aria-describedby=\"caption-attachment-113764\" class=\"wp-image-113764 size-large\" src=\"http:\/\/diarioregionaljf.com.br\/wp-content\/uploads\/2018\/08\/previsaoversaodois-1024x683.jpg\" alt=\"\" width=\"1024\" height=\"683\" srcset=\"https:\/\/diarioregionaldigital.com.br\/wp-content\/uploads\/2018\/08\/previsaoversaodois-1024x683.jpg 1024w, https:\/\/diarioregionaldigital.com.br\/wp-content\/uploads\/2018\/08\/previsaoversaodois-300x200.jpg 300w, https:\/\/diarioregionaldigital.com.br\/wp-content\/uploads\/2018\/08\/previsaoversaodois-768x512.jpg 768w, https:\/\/diarioregionaldigital.com.br\/wp-content\/uploads\/2018\/08\/previsaoversaodois-360x240.jpg 360w, https:\/\/diarioregionaldigital.com.br\/wp-content\/uploads\/2018\/08\/previsaoversaodois.jpg 1037w\" sizes=\"auto, (max-width: 1024px) 100vw, 1024px\" \/><p id=\"caption-attachment-113764\" class=\"wp-caption-text\"><em>Foto: Rafaela Frutuoso<\/em><\/p><\/div>\n<p><strong>\u00a0<\/strong><\/p>\n<p><strong>EVENTO CONFIRMADO<\/strong><\/p>\n<p>&nbsp;<\/p>\n<p>Para os juiz-foranos que ir\u00e3o comparecer ao \u201cAerofest- Um brinde a JF\u201d, n\u00e3o precisam se preocupar. De acordo com Leandro Lopardi, presidente do Aeroclube, eles j\u00e1 vinham acompanhando a previs\u00e3o do tempo e n\u00e3o h\u00e1 precis\u00e3o de chuva para domingo, dia em que a Esquadrilha da Fuma\u00e7a se apresentar\u00e1 no aeroporto, \u00e0s 16h. \u201cA previs\u00e3o de chuva para o domingo feita em uns dias atr\u00e1s era de 1 mm, mas, hoje, j\u00e1 est\u00e1 marcando 0 mm, com 20% de chance de sol das 10h da manh\u00e3 at\u00e9 o p\u00f4r do sol. Apesar de termos apenas 6 mm de chuva marcado para s\u00e1bado, eu acredito que o tempo possa ficar nublado e ter chuva \u00e0 tarde. Mas no domingo, que tem a caracter\u00edstica mais robusta do evento, j\u00e1 est\u00e1 marcando sol. Eu conversei com o capit\u00e3o e est\u00e1 tudo certo, n\u00e3o tendo nenhuma mudan\u00e7a para o evento\u201d, explicou o presidente confirmando a apresenta\u00e7\u00e3o dos voos.<\/p>\n<p>As temperaturas na cidade devem oscilar entre 16\u00b0 e 20\u00b0 no s\u00e1bado, e no domingo, entre 17\u00ba e 23\u00b0.<\/p>\n<p>&nbsp;<\/p>\n","protected":false},"excerpt":{"rendered":"<p>Juiz de Fora permanecer\u00e1 com o tempo nublado nesta sexta-feira, 3, com sol e muitas nuvens durante o dia, podendo ter chuvas isoladas. As temperaturas ficam entre 15\u00b0 e 20\u00b0, tendo uma relativa umidade do ar entre 96 a 62%. Esse tempo nublado e a umidade do ar permanecer\u00e3o durante o final de semana, valendo [&hellip;]<\/p>\n","protected":false},"author":96,"featured_media":113763,"comment_status":"closed","ping_status":"closed","sticky":false,"template":"","format":"standard","meta":{"footnotes":""},"categories":[253,440,439],"tags":[],"class_list":["post-113760","post","type-post","status-publish","format-standard","has-post-thumbnail","hentry","category-cidade","category-destaques-do-dia","category-ultima-hora"],"_links":{"self":[{"href":"https:\/\/diarioregionaldigital.com.br\/index.php?rest_route=\/wp\/v2\/posts\/113760","targetHints":{"allow":["GET"]}}],"collection":[{"href":"https:\/\/diarioregionaldigital.com.br\/index.php?rest_route=\/wp\/v2\/posts"}],"about":[{"href":"https:\/\/diarioregionaldigital.com.br\/index.php?rest_route=\/wp\/v2\/types\/post"}],"author":[{"embeddable":true,"href":"https:\/\/diarioregionaldigital.com.br\/index.php?rest_route=\/wp\/v2\/users\/96"}],"replies":[{"embeddable":true,"href":"https:\/\/diarioregionaldigital.com.br\/index.php?rest_route=%2Fwp%2Fv2%2Fcomments&post=113760"}],"version-history":[{"count":0,"href":"https:\/\/diarioregionaldigital.com.br\/index.php?rest_route=\/wp\/v2\/posts\/113760\/revisions"}],"wp:featuredmedia":[{"embeddable":true,"href":"https:\/\/diarioregionaldigital.com.br\/index.php?rest_route=\/wp\/v2\/media\/113763"}],"wp:attachment":[{"href":"https:\/\/diarioregionaldigital.com.br\/index.php?rest_route=%2Fwp%2Fv2%2Fmedia&parent=113760"}],"wp:term":[{"taxonomy":"category","embeddable":true,"href":"https:\/\/diarioregionaldigital.com.br\/index.php?rest_route=%2Fwp%2Fv2%2Fcategories&post=113760"},{"taxonomy":"post_tag","embeddable":true,"href":"https:\/\/diarioregionaldigital.com.br\/index.php?rest_route=%2Fwp%2Fv2%2Ftags&post=113760"}],"curies":[{"name":"wp","href":"https:\/\/api.w.org\/{rel}","templated":true}]}}