{"id":113755,"date":"2018-08-03T06:00:04","date_gmt":"2018-08-03T09:00:04","guid":{"rendered":"http:\/\/diarioregionaljf.com.br\/?p=113755"},"modified":"2018-08-03T08:20:06","modified_gmt":"2018-08-03T11:20:06","slug":"cuidados-no-inverno-ainda-sao-necessarios-para-controlar-a-proliferacao-do-aegypti","status":"publish","type":"post","link":"https:\/\/diarioregionaldigital.com.br\/?p=113755","title":{"rendered":"Cuidados no inverno ainda s\u00e3o necess\u00e1rios para controlar a prolifera\u00e7\u00e3o do Aegypti"},"content":{"rendered":"<p>De acordo com o Boletim Epidemiol\u00f3gico de Monitoramento dos casos de Dengue, Chikungunya e Zika V\u00edrus divulgado no \u00faltimo m\u00eas de abril, pela Secretaria de Sa\u00fade do Estado de Minas Gerais, foram registrados 23.094 casos prov\u00e1veis (casos confirmados + suspeitos) de Dengue. Destes casos, sete mortes foram confirmadas por Dengue nos munic\u00edpios de Arcos, Concei\u00e7\u00e3o do Par\u00e1, Contagem, Ituiutaba,\u00a0Lagoa da Prata, Moema e Uberaba. Outros nove casos de morte pela doen\u00e7a ainda est\u00e3o em investiga\u00e7\u00e3o.<\/p>\n<p>&nbsp;<\/p>\n<p>Em rela\u00e7\u00e3o \u00e0 Febre Chikungunya, o Estado registrou 10.404 casos prov\u00e1veis da doen\u00e7a, concentrados na regi\u00e3o do Vale do A\u00e7o. At\u00e9 o fechamento do boletim, apenas uma morte por Chikungunya, que aconteceu no munic\u00edpio de Coronel Fabriciano, foi confirmada. Outra morte est\u00e1 em investiga\u00e7\u00e3o. Com rela\u00e7\u00e3o \u00e0 Zika, foram registrados em Minas Gerais 201 casos prov\u00e1veis da doen\u00e7a em 2018.<\/p>\n<p>&nbsp;<\/p>\n<p><strong>EM JUIZ DE FORA<\/strong><\/p>\n<p>&nbsp;<\/p>\n<p>O Levantamento do \u00cdndice R\u00e1pido do Aedes Aegypti (LIRAa) divulgado em abril deste ano, notificou \u201cestado de alerta\u201d para Juiz de Fora apontando 3,74% de infesta\u00e7\u00e3o. De acordo com o Minist\u00e9rio da Sa\u00fade, somente \u00edndice igual ou superior a 4% \u00e9 classificado como risco de surto.<\/p>\n<p>&nbsp;<\/p>\n<p>De acordo com as informa\u00e7\u00f5es, foram 85 notifica\u00e7\u00f5es de Dengue, com 23 casos confirmados. Nenhuma morte foi confirmada. A Chikungunya teve 18 notifica\u00e7\u00f5es, com tr\u00eas confirma\u00e7\u00f5es. J\u00e1 a Zika apresentou seis notifica\u00e7\u00f5es, com a confirma\u00e7\u00e3o de um caso.O pr\u00f3ximo LIRAa dever\u00e1 ser divulgado em setembro pela pasta.<\/p>\n<p>&nbsp;<\/p>\n<p>A Secretaria de Sa\u00fade considerou baixo o n\u00famero de notifica\u00e7\u00f5es de doen\u00e7as em rela\u00e7\u00e3o aos anos epid\u00eamicos de 2013 e 2016. As baixas temperaturas do inverno e a diminui\u00e7\u00e3o da chuva neste per\u00edodo ajudaram a reduzir a prolifera\u00e7\u00e3o do mosquito Aedes Aegypti, o respons\u00e1vel por transmitir doen\u00e7as como a Dengue, Zika e a Chikungunya. O cen\u00e1rio traz uma sensa\u00e7\u00e3o de tranquilidade para a popula\u00e7\u00e3o, mas \u00e9 preciso ficar atento mesmo durante o inverno porque o mosquito \u00e9 uma amea\u00e7a durante o ano inteiro.<\/p>\n<p>&nbsp;<\/p>\n<p>De acordo com o gerente de campo do Departamento de Vigil\u00e2ncia Epidemiol\u00f3gica e Ambiental, Juvenal Marques, a prolifera\u00e7\u00e3o no per\u00edodo de inverno \u00e9 menor porque h\u00e1 uma menor quantidade de infesta\u00e7\u00e3o de mosquitos Aedes Aegypti.<\/p>\n<p>&nbsp;<\/p>\n<p>\u201cNeste per\u00edodo do inverno com menor \u00edndice de chuvas e menor temperatura,h\u00e1 uma diminui\u00e7\u00e3o na prolifera\u00e7\u00e3o do Aedes Aegypti. Assim tamb\u00e9m diminui a quantidade de notifica\u00e7\u00f5es de pessoas que apresentam sintomas das doen\u00e7as. O frio inibi o crescimento do mosquito, que para se desenvolver precisa tanto de chuva, \u00e1gua, e tamb\u00e9m do calor\u201d, afirma.<\/p>\n<p>&nbsp;<\/p>\n<p>Mesmo diante deste per\u00edodo, Marques refor\u00e7a que \u00e9 importante a popula\u00e7\u00e3o continuar realizando os devidos cuidados. \u201cNo momento em que voc\u00ea faz seu dever de casa e tira 10 minutos do seu tempo para vistoria na sua resid\u00eancia. Fique atento aos locais com calhas de \u00e1gua que podem estar desniveladas, caixas d\u2019\u00e1gua destampadas, vasos de planta, entulhos nas lajes ou quintais das casas. Elimine qualquer espa\u00e7o para que a \u00e1gua fique parada\u201d, afirmou.<\/p>\n<p>&nbsp;<\/p>\n<p>O respons\u00e1vel pelo departamento aindaressaltou que tem acontecido muitas recusaspelos moradores em receber o agente capacitado para fiscalizar todas as resid\u00eancias da cidade.\u201cTodos os nossos agentes s\u00e3o uniformizados, mas se ainda houver d\u00favidas por parte do morador, ele pode ligar para o n\u00famero 3212-3070 que o agente ser\u00e1 identificado\u201d.<\/p>\n<p>&nbsp;<\/p>\n","protected":false},"excerpt":{"rendered":"<p>De acordo com o Boletim Epidemiol\u00f3gico de Monitoramento dos casos de Dengue, Chikungunya e Zika V\u00edrus divulgado no \u00faltimo m\u00eas de abril, pela Secretaria de Sa\u00fade do Estado de Minas Gerais, foram registrados 23.094 casos prov\u00e1veis (casos confirmados + suspeitos) de Dengue. Destes casos, sete mortes foram confirmadas por Dengue nos munic\u00edpios de Arcos, Concei\u00e7\u00e3o [&hellip;]<\/p>\n","protected":false},"author":96,"featured_media":113756,"comment_status":"closed","ping_status":"closed","sticky":false,"template":"","format":"standard","meta":{"footnotes":""},"categories":[253,440,439],"tags":[],"class_list":["post-113755","post","type-post","status-publish","format-standard","has-post-thumbnail","hentry","category-cidade","category-destaques-do-dia","category-ultima-hora"],"_links":{"self":[{"href":"https:\/\/diarioregionaldigital.com.br\/index.php?rest_route=\/wp\/v2\/posts\/113755","targetHints":{"allow":["GET"]}}],"collection":[{"href":"https:\/\/diarioregionaldigital.com.br\/index.php?rest_route=\/wp\/v2\/posts"}],"about":[{"href":"https:\/\/diarioregionaldigital.com.br\/index.php?rest_route=\/wp\/v2\/types\/post"}],"author":[{"embeddable":true,"href":"https:\/\/diarioregionaldigital.com.br\/index.php?rest_route=\/wp\/v2\/users\/96"}],"replies":[{"embeddable":true,"href":"https:\/\/diarioregionaldigital.com.br\/index.php?rest_route=%2Fwp%2Fv2%2Fcomments&post=113755"}],"version-history":[{"count":0,"href":"https:\/\/diarioregionaldigital.com.br\/index.php?rest_route=\/wp\/v2\/posts\/113755\/revisions"}],"wp:featuredmedia":[{"embeddable":true,"href":"https:\/\/diarioregionaldigital.com.br\/index.php?rest_route=\/wp\/v2\/media\/113756"}],"wp:attachment":[{"href":"https:\/\/diarioregionaldigital.com.br\/index.php?rest_route=%2Fwp%2Fv2%2Fmedia&parent=113755"}],"wp:term":[{"taxonomy":"category","embeddable":true,"href":"https:\/\/diarioregionaldigital.com.br\/index.php?rest_route=%2Fwp%2Fv2%2Fcategories&post=113755"},{"taxonomy":"post_tag","embeddable":true,"href":"https:\/\/diarioregionaldigital.com.br\/index.php?rest_route=%2Fwp%2Fv2%2Ftags&post=113755"}],"curies":[{"name":"wp","href":"https:\/\/api.w.org\/{rel}","templated":true}]}}