{"id":113752,"date":"2018-08-02T20:35:14","date_gmt":"2018-08-02T23:35:14","guid":{"rendered":"http:\/\/diarioregionaljf.com.br\/?p=113752"},"modified":"2018-08-02T20:35:14","modified_gmt":"2018-08-02T23:35:14","slug":"senadores-apresentam-recurso-e-projeto-que-proibe-venda-de-buzina-a-gas-vai-a-plenario","status":"publish","type":"post","link":"https:\/\/diarioregionaldigital.com.br\/?p=113752","title":{"rendered":"Senadores apresentam recurso e projeto que pro\u00edbe venda de buzina a g\u00e1s vai a Plen\u00e1rio"},"content":{"rendered":"<p>Insatisfeitos com a rejei\u00e7\u00e3o doPLS 145\/2016pela Comiss\u00e3o de Assuntos Econ\u00f4micos (CAE), um grupo de senadores apresentou recurso para levar o projeto ao Plen\u00e1rio. A proposta, do ex-senador Donizeti Nogueira (PT-TO), pro\u00edbe a venda de buzinas de press\u00e3o \u00e0 base de g\u00e1s a menores de 18 anos.<\/p>\n<p>&nbsp;<\/p>\n<p>O texto foi analisado pela CAE no dia 3 de julho, quando o relator, senador Pedro Chaves (PRB-MS), apresentou voto contr\u00e1rio. Na ocasi\u00e3o, as senadoras K\u00e1tia Abreu (PDT-TO) e Vanessa Grazziotin (PCdoB-AM) chamaram aten\u00e7\u00e3o para o que consideraram um equ\u00edvoco da comiss\u00e3o e informaram que entrariam com recurso.<\/p>\n<p>&nbsp;<\/p>\n<p>Segundo elas, a buzina, \u00e0 base de propano e butano envazada em tubo de aerossol, tem causado queimaduras e problemas de sa\u00fade, principalmente em jovens.<\/p>\n<p>&nbsp;<\/p>\n<p>\u2014 Fizemos uma pesquisa profunda, e \u00e9 muito grave essa quest\u00e3o. N\u00f3s temos aqui v\u00e1rias not\u00edcias de mortes de jovens ocasionadas por utiliza\u00e7\u00e3o de g\u00e1s de buzina. E mais: dizem que o g\u00e1s usado na buzina \u00e9 uma droga alucin\u00f3gena, que apresenta riscos enormes \u00e0 sa\u00fade, inclusive com casos de mortes j\u00e1 registrados. E para quem tinha d\u00favida, o projeto trata s\u00f3 da buzina \u2014 explicou Vanessa.<\/p>\n<p>&nbsp;<\/p>\n<p>As senadoras chegaram a cogitar repetir a vota\u00e7\u00e3o, visto que, na opini\u00e3o delas, os integrantes da comiss\u00e3o votaram sem entender direito o projeto. Diante da impossibilidade, optaram por apresentar recurso, que foi assinado tamb\u00e9m pelos senadores Lindbergh Farias (PT-RJ), Dalirio Beber (PSDB-SC), Jos\u00e9 Pimentel (PT-CE), Humberto Costa (PT-PE), Cristovam Buarque (PPS-DF), L\u00eddice da Mata (PSB-BA), Regina Sousa (PT-PI), H\u00e9lio Jos\u00e9 (Pros-DF) e F\u00e1tima Bezerra (PT-RN).<\/p>\n<p>&nbsp;<\/p>\n<p><strong>Parecer<\/strong><\/p>\n<p>No relat\u00f3rio pela rejei\u00e7\u00e3o da mat\u00e9ria, que acabou vitorioso, o relator Pedro Chaves argumentou que o propano e o butano s\u00e3o atualmente utilizados para a fabrica\u00e7\u00e3o e uso de diversos produtos, como perfumes, desodorantes, isqueiros, ma\u00e7aricos, entre outros. Dessa forma, a proibi\u00e7\u00e3o da comercializa\u00e7\u00e3o de buzina a menores n\u00e3o restringiria o acesso de crian\u00e7as e adolescentes a tais gases.<\/p>\n<p>&nbsp;<\/p>\n<p>Al\u00e9m disso, argumentou, a Ag\u00eancia Nacional de Vigil\u00e2ncia Sanit\u00e1ria (Anvisa) tem a tarefa de normatizar as condi\u00e7\u00f5es de produ\u00e7\u00e3o e comercializa\u00e7\u00e3o de produtos que possam afetar a sa\u00fade p\u00fablica.<\/p>\n<p>&nbsp;<\/p>\n<p>&nbsp;<\/p>\n<p>Fonte: Ag\u00eancia Senado<\/p>\n","protected":false},"excerpt":{"rendered":"<p>Insatisfeitos com a rejei\u00e7\u00e3o doPLS 145\/2016pela Comiss\u00e3o de Assuntos Econ\u00f4micos (CAE), um grupo de senadores apresentou recurso para levar o projeto ao Plen\u00e1rio. A proposta, do ex-senador Donizeti Nogueira (PT-TO), pro\u00edbe a venda de buzinas de press\u00e3o \u00e0 base de g\u00e1s a menores de 18 anos. &nbsp; O texto foi analisado pela CAE no dia [&hellip;]<\/p>\n","protected":false},"author":96,"featured_media":113753,"comment_status":"closed","ping_status":"closed","sticky":false,"template":"","format":"standard","meta":{"footnotes":""},"categories":[436,254,439],"tags":[],"class_list":["post-113752","post","type-post","status-publish","format-standard","has-post-thumbnail","hentry","category-destaque-da-semana","category-politica","category-ultima-hora"],"_links":{"self":[{"href":"https:\/\/diarioregionaldigital.com.br\/index.php?rest_route=\/wp\/v2\/posts\/113752","targetHints":{"allow":["GET"]}}],"collection":[{"href":"https:\/\/diarioregionaldigital.com.br\/index.php?rest_route=\/wp\/v2\/posts"}],"about":[{"href":"https:\/\/diarioregionaldigital.com.br\/index.php?rest_route=\/wp\/v2\/types\/post"}],"author":[{"embeddable":true,"href":"https:\/\/diarioregionaldigital.com.br\/index.php?rest_route=\/wp\/v2\/users\/96"}],"replies":[{"embeddable":true,"href":"https:\/\/diarioregionaldigital.com.br\/index.php?rest_route=%2Fwp%2Fv2%2Fcomments&post=113752"}],"version-history":[{"count":0,"href":"https:\/\/diarioregionaldigital.com.br\/index.php?rest_route=\/wp\/v2\/posts\/113752\/revisions"}],"wp:featuredmedia":[{"embeddable":true,"href":"https:\/\/diarioregionaldigital.com.br\/index.php?rest_route=\/wp\/v2\/media\/113753"}],"wp:attachment":[{"href":"https:\/\/diarioregionaldigital.com.br\/index.php?rest_route=%2Fwp%2Fv2%2Fmedia&parent=113752"}],"wp:term":[{"taxonomy":"category","embeddable":true,"href":"https:\/\/diarioregionaldigital.com.br\/index.php?rest_route=%2Fwp%2Fv2%2Fcategories&post=113752"},{"taxonomy":"post_tag","embeddable":true,"href":"https:\/\/diarioregionaldigital.com.br\/index.php?rest_route=%2Fwp%2Fv2%2Ftags&post=113752"}],"curies":[{"name":"wp","href":"https:\/\/api.w.org\/{rel}","templated":true}]}}