{"id":113749,"date":"2018-08-02T20:18:40","date_gmt":"2018-08-02T23:18:40","guid":{"rendered":"http:\/\/diarioregionaljf.com.br\/?p=113749"},"modified":"2018-08-02T21:06:39","modified_gmt":"2018-08-03T00:06:39","slug":"mdb-confirma-nome-de-meirelles-na-disputa-pela-presidencia","status":"publish","type":"post","link":"https:\/\/diarioregionaldigital.com.br\/?p=113749","title":{"rendered":"MDB confirma nome de Meirelles na disputa pela Presid\u00eancia"},"content":{"rendered":"<p>Sem candidato a vice definido, o MDB confirmou nessa quarta-feira, 2, o nome do ex-ministro da Fazenda Henrique Meirelles como candidato \u00e0 Presid\u00eancia da Rep\u00fablica.\u00a0O resultado foi anunciado pelo presidente da legenda, Romero Juc\u00e1 (RR), que ressaltou que dos 419 votantes, 85% disseram sim a Meirelles.\u00a0Em 2014, segundo Juc\u00e1, 54% dos convencionais apoiaram a chapa Dilma\/Temer na corrida presidencial. \u201cA vota\u00e7\u00e3o de\u00a0hoje\u00a0demonstra a unidade do partido\u201d,\u00a0ressaltou.<\/p>\n<p>&nbsp;<\/p>\n<p>Diante de toda c\u00fapula emedebista e apoiadores,\u00a0o presidente da Rep\u00fablica, Michel Temer, pediu \u00e0 milit\u00e2ncia empenho\u00a0para\u00a0levar o nome de Meirelles de maneira convincente\u00a0pelo Brasil. \u201cTem que levar a ideia com\u00a0a\u00a0alma\u201d,\u00a0ressaltou acrescentando que o MDB tirou o\u00a0Brasil\u00a0de uma \u201ccrise\u00a0extraordin\u00e1ria\u201d e\u00a0vai colocar o pa\u00eds nos trilhos.<\/p>\n<p>&nbsp;<\/p>\n<p>Ao\u00a0agradecer ao MDB,\u00a0Meirelles defendeu\u00a0um pacto de confian\u00e7a pela governabilidade e disse\u00a0que tem resultados a mostrar n\u00e3o apenas\u00a0como ex-ministro da\u00a0Fazenda, mas tamb\u00e9m no comando do Banco Central, onde passou oito anos. \u201cConvido voc\u00eas a nos unirmos com firmeza e serenidade, vamos ganhar essas elei\u00e7\u00f5es, trabalhar e construir um Brasil do tamanho dos nossos sonhos\u201d, disse.<\/p>\n<p>&nbsp;<\/p>\n<p>Henrique Meirelles\u00a0falou das\u00a0diretrizes de seu\u00a0programa de governo\u00a0e\u00a0destacou\u00a0como prioridades investimentos em\u00a0infraestrutura, para diminuir as dist\u00e2ncias no pa\u00eds,\u00a0al\u00e9m de\u00a0sa\u00fade\u00a0e\u00a0seguran\u00e7a p\u00fablica.\u00a0O presidenci\u00e1vel tamb\u00e9m prometeu refor\u00e7ar o\u00a0Bolsa Fam\u00edlia.\u00a0Para gerar empregos, Meirelles disse que pretende\u00a0resgatar a pol\u00edtica econ\u00f4mica,\u00a0atrair investimentos e fazer as reformas que\u00a0o pa\u00eds\u00a0precisa. \u201cMinha meta \u00e9 fazer\u00a0o pa\u00eds\u00a0crescer 4 %, ao ano\u201d.<\/p>\n<p>&nbsp;<\/p>\n<p>&nbsp;<\/p>\n<p><strong>Perfil<\/strong><\/p>\n<p>Henrique Meirelles, 72 anos, \u00e9 goiano de\u00a0An\u00e1polis. Em 2002, foi eleito deputado federal\u00a0pelo PSDB, cargo do qual abdicou para comandar o Banco Central\u00a0de 2003 a novembro de 2010,\u00a0no governo\u00a0do ex-presidente Luiz In\u00e1cio\u00a0Lula\u00a0da Silva.\u00a0No governo do presidente Michel Temer comandou o Minist\u00e9rio da Fazenda\u00a0de maio\u00a0de 2016 a abril de 2018.<\/p>\n<p>&nbsp;<\/p>\n<p>Fez parte do movimento estudantil de\u00a0Goi\u00e2nia. Cursou Engenharia Civil na Escola Polit\u00e9cnica da USP, em S\u00e3o Paulo, e tem MBA em Administra\u00e7\u00e3o pelo Instituto Coppead da Universidade Federal do Rio\u00a0de Janeiro\u00a0(UFRJ).\u00a0Foi presidente mundial do BankBoston, onde ingressou em 1974 e se tornou presidente da institui\u00e7\u00e3o no Brasil em 1984.\u00a0J\u00e1 fez parte do conselho da Harvard Kennedy School of Government e da Sloan School of Management do MIT (Massachusetts Institute of Technology).<\/p>\n<p>&nbsp;<\/p>\n<p>Fonte: Ag\u00eancia Brasil<\/p>\n","protected":false},"excerpt":{"rendered":"<p>Sem candidato a vice definido, o MDB confirmou nessa quarta-feira, 2, o nome do ex-ministro da Fazenda Henrique Meirelles como candidato \u00e0 Presid\u00eancia da Rep\u00fablica.\u00a0O resultado foi anunciado pelo presidente da legenda, Romero Juc\u00e1 (RR), que ressaltou que dos 419 votantes, 85% disseram sim a Meirelles.\u00a0Em 2014, segundo Juc\u00e1, 54% dos convencionais apoiaram a chapa [&hellip;]<\/p>\n","protected":false},"author":96,"featured_media":113750,"comment_status":"closed","ping_status":"closed","sticky":false,"template":"","format":"standard","meta":{"footnotes":""},"categories":[436,254,439],"tags":[],"class_list":["post-113749","post","type-post","status-publish","format-standard","has-post-thumbnail","hentry","category-destaque-da-semana","category-politica","category-ultima-hora"],"_links":{"self":[{"href":"https:\/\/diarioregionaldigital.com.br\/index.php?rest_route=\/wp\/v2\/posts\/113749","targetHints":{"allow":["GET"]}}],"collection":[{"href":"https:\/\/diarioregionaldigital.com.br\/index.php?rest_route=\/wp\/v2\/posts"}],"about":[{"href":"https:\/\/diarioregionaldigital.com.br\/index.php?rest_route=\/wp\/v2\/types\/post"}],"author":[{"embeddable":true,"href":"https:\/\/diarioregionaldigital.com.br\/index.php?rest_route=\/wp\/v2\/users\/96"}],"replies":[{"embeddable":true,"href":"https:\/\/diarioregionaldigital.com.br\/index.php?rest_route=%2Fwp%2Fv2%2Fcomments&post=113749"}],"version-history":[{"count":0,"href":"https:\/\/diarioregionaldigital.com.br\/index.php?rest_route=\/wp\/v2\/posts\/113749\/revisions"}],"wp:featuredmedia":[{"embeddable":true,"href":"https:\/\/diarioregionaldigital.com.br\/index.php?rest_route=\/wp\/v2\/media\/113750"}],"wp:attachment":[{"href":"https:\/\/diarioregionaldigital.com.br\/index.php?rest_route=%2Fwp%2Fv2%2Fmedia&parent=113749"}],"wp:term":[{"taxonomy":"category","embeddable":true,"href":"https:\/\/diarioregionaldigital.com.br\/index.php?rest_route=%2Fwp%2Fv2%2Fcategories&post=113749"},{"taxonomy":"post_tag","embeddable":true,"href":"https:\/\/diarioregionaldigital.com.br\/index.php?rest_route=%2Fwp%2Fv2%2Ftags&post=113749"}],"curies":[{"name":"wp","href":"https:\/\/api.w.org\/{rel}","templated":true}]}}