{"id":113741,"date":"2018-08-02T19:56:31","date_gmt":"2018-08-02T22:56:31","guid":{"rendered":"http:\/\/diarioregionaljf.com.br\/?p=113741"},"modified":"2018-08-02T19:56:31","modified_gmt":"2018-08-02T22:56:31","slug":"percentual-de-familias-com-dividas-sobe-pela-primeira-vez-no-ano","status":"publish","type":"post","link":"https:\/\/diarioregionaldigital.com.br\/?p=113741","title":{"rendered":"Percentual de fam\u00edlias com d\u00edvidas sobe pela primeira vez no ano"},"content":{"rendered":"<p>O percentual das fam\u00edlias endividadas no Brasil cresceu 1 ponto em julho, quando passou de 58,6% para 59,6% de junho para julho. Foi a primeira alta do ano. Os dados constam da Pesquisa de Endividamento e Inadimpl\u00eancia do Consumidor (Peic), divulgada nessa quarta-feira, 2, pela Confedera\u00e7\u00e3o Nacional do Com\u00e9rcio de Bens, Servi\u00e7os e Turismo (CNC).<\/p>\n<p>&nbsp;<\/p>\n<p>Apesar da alta entre junho e julho, o indicador fechou em queda na compara\u00e7\u00e3o anual porque, em julho do ano passado, ele atingiu 60,2% &#8211; \u00edndice 0,6 ponto percentual menor.<\/p>\n<p>&nbsp;<\/p>\n<p>A avalia\u00e7\u00e3o da economista da CNC Marianne Hanson, \u00e9 que \u201co crescimento de junho para julho no percentual de fam\u00edlias endividadas foi pontual, uma vez que o indicador permaneceu em patamar inferior ao do ano passado, refletindo ritmo menor de recupera\u00e7\u00e3o do consumo das fam\u00edlias e maior cautela na contrata\u00e7\u00e3o de novos empr\u00e9stimos e financiamentos\u201d.<\/p>\n<p>&nbsp;<\/p>\n<p><strong>Contas ou d\u00edvidas em atraso<\/strong><\/p>\n<p>O estudo da CNC mostra que o percentual de fam\u00edlias com contas ou d\u00edvidas em atraso ficou est\u00e1vel entre os meses de junho e julho deste ano, mais caiu em rela\u00e7\u00e3o a junho do ano passado.<\/p>\n<p>&nbsp;<\/p>\n<p>Tanto em junho quanto em julho, a propor\u00e7\u00e3o das fam\u00edlias com d\u00edvidas ou contas em atraso ficou em 23,7%. Mas, quando a compara\u00e7\u00e3o se d\u00e1 com julho do ano passado, o percentual de fam\u00edlias inadimplentes caiu 1,8 ponto percentual. Em julho de 2017, o indicador havia alcan\u00e7ado 25,5% do total das fam\u00edlias.<\/p>\n<p>&nbsp;<\/p>\n<p>J\u00e1 o percentual de fam\u00edlias que declararam n\u00e3o ter condi\u00e7\u00f5es de pagar suas contas ou d\u00edvidas em atraso e que, portanto, permaneceriam inadimplentes tamb\u00e9m ficou est\u00e1vel em 9,4% entre junho e julho de 2018, apresentando queda em rela\u00e7\u00e3o aos 9,9% de julho do ano passado.<\/p>\n<p>&nbsp;<\/p>\n<p>Mais uma vez, o cart\u00e3o de cr\u00e9dito aparece como principal tipo de d\u00edvida, respondendo por 77,7% das d\u00edvidas das fam\u00edlias entrevistadas. Em seguida, v\u00eam os carn\u00eas (13,9%) e, em terceiro lugar, o financiamento de carro (10,6%).<\/p>\n<p>&nbsp;<\/p>\n<p><strong>N\u00edvel e prazo de endividamento<\/strong><\/p>\n<p>O estudo da CNC mostra que a propor\u00e7\u00e3o das fam\u00edlias que se declararam muito endividadas apresentou um pequeno aumento em rela\u00e7\u00e3o a junho, passando de 13,0% para 13,2% do total de entrevistadas. J\u00e1 na compara\u00e7\u00e3o anual, tamb\u00e9m houve queda: 1,4 ponto percentual.<\/p>\n<p>&nbsp;<\/p>\n<p>Quando os economistas da CNC comparam julho do ano passado com julho deste ano, a parcela das fam\u00edlias que declarou estar mais ou menos endividada passou de 22,2% para 22,6%, e a parcela pouco endividada foi de 23,4% para 23,8% do total.<\/p>\n<p>&nbsp;<\/p>\n<p>A Pesquisa Nacional de Endividamento e Inadimpl\u00eancia do Consumidor (Peic Nacional) \u00e9 apurada mensalmente pela CNC desde janeiro de 2010. Os dados s\u00e3o coletados em todas as capitais dos Estados e no Distrito Federal, com cerca de 18 mil consumidores.<\/p>\n<p>&nbsp;<\/p>\n<p>&nbsp;<\/p>\n","protected":false},"excerpt":{"rendered":"<p>O percentual das fam\u00edlias endividadas no Brasil cresceu 1 ponto em julho, quando passou de 58,6% para 59,6% de junho para julho. Foi a primeira alta do ano. Os dados constam da Pesquisa de Endividamento e Inadimpl\u00eancia do Consumidor (Peic), divulgada nessa quarta-feira, 2, pela Confedera\u00e7\u00e3o Nacional do Com\u00e9rcio de Bens, Servi\u00e7os e Turismo (CNC). [&hellip;]<\/p>\n","protected":false},"author":96,"featured_media":113742,"comment_status":"closed","ping_status":"closed","sticky":false,"template":"","format":"standard","meta":{"footnotes":""},"categories":[436,261,439],"tags":[],"class_list":["post-113741","post","type-post","status-publish","format-standard","has-post-thumbnail","hentry","category-destaque-da-semana","category-economia","category-ultima-hora"],"_links":{"self":[{"href":"https:\/\/diarioregionaldigital.com.br\/index.php?rest_route=\/wp\/v2\/posts\/113741","targetHints":{"allow":["GET"]}}],"collection":[{"href":"https:\/\/diarioregionaldigital.com.br\/index.php?rest_route=\/wp\/v2\/posts"}],"about":[{"href":"https:\/\/diarioregionaldigital.com.br\/index.php?rest_route=\/wp\/v2\/types\/post"}],"author":[{"embeddable":true,"href":"https:\/\/diarioregionaldigital.com.br\/index.php?rest_route=\/wp\/v2\/users\/96"}],"replies":[{"embeddable":true,"href":"https:\/\/diarioregionaldigital.com.br\/index.php?rest_route=%2Fwp%2Fv2%2Fcomments&post=113741"}],"version-history":[{"count":0,"href":"https:\/\/diarioregionaldigital.com.br\/index.php?rest_route=\/wp\/v2\/posts\/113741\/revisions"}],"wp:featuredmedia":[{"embeddable":true,"href":"https:\/\/diarioregionaldigital.com.br\/index.php?rest_route=\/wp\/v2\/media\/113742"}],"wp:attachment":[{"href":"https:\/\/diarioregionaldigital.com.br\/index.php?rest_route=%2Fwp%2Fv2%2Fmedia&parent=113741"}],"wp:term":[{"taxonomy":"category","embeddable":true,"href":"https:\/\/diarioregionaldigital.com.br\/index.php?rest_route=%2Fwp%2Fv2%2Fcategories&post=113741"},{"taxonomy":"post_tag","embeddable":true,"href":"https:\/\/diarioregionaldigital.com.br\/index.php?rest_route=%2Fwp%2Fv2%2Ftags&post=113741"}],"curies":[{"name":"wp","href":"https:\/\/api.w.org\/{rel}","templated":true}]}}