{"id":113729,"date":"2018-08-03T06:00:14","date_gmt":"2018-08-03T09:00:14","guid":{"rendered":"http:\/\/diarioregionaljf.com.br\/?p=113729"},"modified":"2018-08-02T18:44:10","modified_gmt":"2018-08-02T21:44:10","slug":"espetaculo-interativo","status":"publish","type":"post","link":"https:\/\/diarioregionaldigital.com.br\/?p=113729","title":{"rendered":"Espet\u00e1culo Interativo"},"content":{"rendered":"<p style=\"text-align: center;\"><strong>Espet\u00e1culo Interativo<\/strong><\/p>\n<p style=\"text-align: center;\">A pe\u00e7a \u201cDona Baratinha\u201d desembarca no Divers\u00e3o em Cena ArcelorMittal em Juiz de Fora. Encenada de forma l\u00fadica, a adapta\u00e7\u00e3o do conto infantil \u00e9 uma reflex\u00e3o sobre o comportamento humano. A produ\u00e7\u00e3o do Grupo Argumento \u00e9 a atra\u00e7\u00e3o no dia 5 de agosto, domingo, \u00e0s 16h, no Teatro Solar.<\/p>\n<p style=\"text-align: center;\"><strong>Livro<\/strong><\/p>\n<p style=\"text-align: center;\">Dialogar entre a poesia contempor\u00e2nea e a tradicional, esse \u00e9 o intuito da nova obra do escritor Luiz Ot\u00e1vio Oliani. Publicado pela editora Penalux, o livro \u201cPalimpsestos, Outras Vozes e \u00c1guas\u201d traz a reflex\u00e3o, por diferentes \u00e2ngulos e influ\u00eancias liter\u00e1rias, sobre as grandes quest\u00f5es de todos os tempos: o amor, a solid\u00e3o, a morte, a efemeridade do tempo, entre outros.<\/p>\n<p style=\"text-align: center;\"><strong>CES\/JF<\/strong><\/p>\n<p style=\"text-align: center;\">O programa de p\u00f3s-gradua\u00e7\u00e3o em Teoria Psicanal\u00edtica: Cl\u00ednica e Cultura do CES\/JF realizar\u00e1 Aula Magna no s\u00e1bado, dia 4 de agosto. Sob coordena\u00e7\u00e3o da professora Regina Castelo, a especializa\u00e7\u00e3o objetiva consolidar os conhecimentos a respeito dos fundamentos t\u00e9cnicos e te\u00f3ricos que norteiam a pr\u00e1tica da cl\u00ednica, bem como atualizar o aluno em rela\u00e7\u00e3o \u00e0s novas frentes de atua\u00e7\u00e3o que se abrem para a Psican\u00e1lise e \u00e0s novas formas de la\u00e7os sociais da contemporaneidade.<\/p>\n<p style=\"text-align: center;\"><strong>Arte da Palavra<\/strong><\/p>\n<p style=\"text-align: center;\">O mercado brasileiro conheceu novos nomes de escritores nos \u00faltimos tempos e cresceu consideravelmente tanto no espa\u00e7o das livrarias disponibilizando para eles, quanto em vendas. Pensando em fomentar ainda mais esse contexto o Sesc vai realizar, em Juiz de Fora, mais um Arte da Palavra \u2013 Sesc da Leitura. O convidado a participar do Circuito das Oralidades ser\u00e1 o compositor Vitor Piralho. Ser\u00e1 dia 9 de agosto, \u00e0s 19h, no Teatro Clara Nunes (Sesc), na Av. Rio Branco, 3090.<\/p>\n<p style=\"text-align: center;\"><strong>Dica<\/strong><\/p>\n<p style=\"text-align: center;\">No s\u00e1bado, 4 de agosto, vai lacrar muito no Rocket Pub, a festa Yuk\u00ea. Haver\u00e1 uma bomb\u00e1stica performance de Tiago Capuzzo com participa\u00e7\u00e3o especial dos lindos dan\u00e7arinos Vict\u00f3ria Taylor e Eduardo Saleme.<\/p>\n<div id=\"attachment_113718\" style=\"width: 510px\" class=\"wp-caption aligncenter\"><img loading=\"lazy\" decoding=\"async\" aria-describedby=\"caption-attachment-113718\" class=\"wp-image-113718\" src=\"http:\/\/diarioregionaljf.com.br\/wp-content\/uploads\/2018\/08\/fotoa-e1533244689242.jpg\" alt=\"\" width=\"500\" height=\"438\" srcset=\"https:\/\/diarioregionaldigital.com.br\/wp-content\/uploads\/2018\/08\/fotoa-e1533244689242.jpg 537w, https:\/\/diarioregionaldigital.com.br\/wp-content\/uploads\/2018\/08\/fotoa-e1533244689242-300x263.jpg 300w, https:\/\/diarioregionaldigital.com.br\/wp-content\/uploads\/2018\/08\/fotoa-e1533244689242-360x315.jpg 360w\" sizes=\"auto, (max-width: 500px) 100vw, 500px\" \/><p id=\"caption-attachment-113718\" class=\"wp-caption-text\">Aniversariando no s\u00e1bado, 4 de agosto, o empres\u00e1rio bonit\u00e3o M\u00e1rcio Marques. Parab\u00e9ns<\/p><\/div>\n<div id=\"attachment_113719\" style=\"width: 510px\" class=\"wp-caption aligncenter\"><img loading=\"lazy\" decoding=\"async\" aria-describedby=\"caption-attachment-113719\" class=\"wp-image-113719\" src=\"http:\/\/diarioregionaljf.com.br\/wp-content\/uploads\/2018\/08\/fotoaa-e1533244743666.jpg\" alt=\"\" width=\"500\" height=\"381\" srcset=\"https:\/\/diarioregionaldigital.com.br\/wp-content\/uploads\/2018\/08\/fotoaa-e1533244743666.jpg 918w, https:\/\/diarioregionaldigital.com.br\/wp-content\/uploads\/2018\/08\/fotoaa-e1533244743666-300x229.jpg 300w, https:\/\/diarioregionaldigital.com.br\/wp-content\/uploads\/2018\/08\/fotoaa-e1533244743666-768x586.jpg 768w, https:\/\/diarioregionaldigital.com.br\/wp-content\/uploads\/2018\/08\/fotoaa-e1533244743666-360x275.jpg 360w\" sizes=\"auto, (max-width: 500px) 100vw, 500px\" \/><p id=\"caption-attachment-113719\" class=\"wp-caption-text\">Comemorando anivers\u00e1rio no Quintal Bar, o PM Vin\u00edcius Ciribelli<\/p><\/div>\n<div id=\"attachment_113720\" style=\"width: 510px\" class=\"wp-caption aligncenter\"><img loading=\"lazy\" decoding=\"async\" aria-describedby=\"caption-attachment-113720\" class=\"wp-image-113720\" src=\"http:\/\/diarioregionaljf.com.br\/wp-content\/uploads\/2018\/08\/fotob-1.jpg\" alt=\"\" width=\"500\" height=\"333\" srcset=\"https:\/\/diarioregionaldigital.com.br\/wp-content\/uploads\/2018\/08\/fotob-1.jpg 960w, https:\/\/diarioregionaldigital.com.br\/wp-content\/uploads\/2018\/08\/fotob-1-300x200.jpg 300w, https:\/\/diarioregionaldigital.com.br\/wp-content\/uploads\/2018\/08\/fotob-1-768x512.jpg 768w, https:\/\/diarioregionaldigital.com.br\/wp-content\/uploads\/2018\/08\/fotob-1-360x240.jpg 360w\" sizes=\"auto, (max-width: 500px) 100vw, 500px\" \/><p id=\"caption-attachment-113720\" class=\"wp-caption-text\">Em seu \u201cDia D\u201d na Fortaleza de Santa Cruz da Barra em Niter\u00f3i, o lindo casal Am\u00e1lia Lucy e Igor Telles com seus familiares Vladi Telles e Tina Telles e Luz e Mar Soares e Wesley Soares Bredoff<\/p><\/div>\n<div id=\"attachment_113721\" style=\"width: 510px\" class=\"wp-caption aligncenter\"><img loading=\"lazy\" decoding=\"async\" aria-describedby=\"caption-attachment-113721\" class=\"wp-image-113721\" src=\"http:\/\/diarioregionaljf.com.br\/wp-content\/uploads\/2018\/08\/fotobb-e1533244394350.jpg\" alt=\"\" width=\"500\" height=\"357\" srcset=\"https:\/\/diarioregionaldigital.com.br\/wp-content\/uploads\/2018\/08\/fotobb-e1533244394350.jpg 768w, https:\/\/diarioregionaldigital.com.br\/wp-content\/uploads\/2018\/08\/fotobb-e1533244394350-300x214.jpg 300w, https:\/\/diarioregionaldigital.com.br\/wp-content\/uploads\/2018\/08\/fotobb-e1533244394350-360x257.jpg 360w, https:\/\/diarioregionaldigital.com.br\/wp-content\/uploads\/2018\/08\/fotobb-e1533244394350-100x70.jpg 100w\" sizes=\"auto, (max-width: 500px) 100vw, 500px\" \/><p id=\"caption-attachment-113721\" class=\"wp-caption-text\">Direto de Juiz de Fora para temporada em Nova York, o bonit\u00e3o Thenner Freitas<\/p><\/div>\n<div id=\"attachment_113723\" style=\"width: 510px\" class=\"wp-caption aligncenter\"><img loading=\"lazy\" decoding=\"async\" aria-describedby=\"caption-attachment-113723\" class=\"wp-image-113723\" src=\"http:\/\/diarioregionaljf.com.br\/wp-content\/uploads\/2018\/08\/fotocc.jpg\" alt=\"\" width=\"500\" height=\"584\" \/><p id=\"caption-attachment-113723\" class=\"wp-caption-text\">Aniversariando, hoje, 3 de agosto, o conceituado odont\u00f3logo Mauro Cruz<\/p><\/div>\n<div id=\"attachment_113724\" style=\"width: 510px\" class=\"wp-caption aligncenter\"><img loading=\"lazy\" decoding=\"async\" aria-describedby=\"caption-attachment-113724\" class=\"wp-image-113724\" src=\"http:\/\/diarioregionaljf.com.br\/wp-content\/uploads\/2018\/08\/fotoe-1-e1533243302404.jpg\" alt=\"\" width=\"500\" height=\"418\" srcset=\"https:\/\/diarioregionaldigital.com.br\/wp-content\/uploads\/2018\/08\/fotoe-1-e1533243302404.jpg 540w, https:\/\/diarioregionaldigital.com.br\/wp-content\/uploads\/2018\/08\/fotoe-1-e1533243302404-300x251.jpg 300w, https:\/\/diarioregionaldigital.com.br\/wp-content\/uploads\/2018\/08\/fotoe-1-e1533243302404-360x301.jpg 360w\" sizes=\"auto, (max-width: 500px) 100vw, 500px\" \/><p id=\"caption-attachment-113724\" class=\"wp-caption-text\">Mery Aguiar de Castro, chiqu\u00e9rrima, em cruzeiro MSC, pelo norte da Europa<\/p><\/div>\n<div id=\"attachment_113726\" style=\"width: 510px\" class=\"wp-caption aligncenter\"><img loading=\"lazy\" decoding=\"async\" aria-describedby=\"caption-attachment-113726\" class=\"wp-image-113726\" src=\"http:\/\/diarioregionaljf.com.br\/wp-content\/uploads\/2018\/08\/fotoi-1-e1533242916751.jpg\" alt=\"\" width=\"500\" height=\"397\" srcset=\"https:\/\/diarioregionaldigital.com.br\/wp-content\/uploads\/2018\/08\/fotoi-1-e1533242916751.jpg 478w, https:\/\/diarioregionaldigital.com.br\/wp-content\/uploads\/2018\/08\/fotoi-1-e1533242916751-300x238.jpg 300w, https:\/\/diarioregionaldigital.com.br\/wp-content\/uploads\/2018\/08\/fotoi-1-e1533242916751-360x286.jpg 360w\" sizes=\"auto, (max-width: 500px) 100vw, 500px\" \/><p id=\"caption-attachment-113726\" class=\"wp-caption-text\">Aniversariante de destaque da semana direto de Muria\u00e9, o jovem Alan Marum<\/p><\/div>\n<div id=\"attachment_113727\" style=\"width: 510px\" class=\"wp-caption aligncenter\"><img loading=\"lazy\" decoding=\"async\" aria-describedby=\"caption-attachment-113727\" class=\"wp-image-113727\" src=\"http:\/\/diarioregionaljf.com.br\/wp-content\/uploads\/2018\/08\/fotoc-1.jpg\" alt=\"\" width=\"500\" height=\"375\" srcset=\"https:\/\/diarioregionaldigital.com.br\/wp-content\/uploads\/2018\/08\/fotoc-1.jpg 960w, https:\/\/diarioregionaldigital.com.br\/wp-content\/uploads\/2018\/08\/fotoc-1-300x225.jpg 300w, https:\/\/diarioregionaldigital.com.br\/wp-content\/uploads\/2018\/08\/fotoc-1-768x576.jpg 768w, https:\/\/diarioregionaldigital.com.br\/wp-content\/uploads\/2018\/08\/fotoc-1-360x270.jpg 360w\" sizes=\"auto, (max-width: 500px) 100vw, 500px\" \/><p id=\"caption-attachment-113727\" class=\"wp-caption-text\">O coiffeur do Sal\u00e3o PH Hair, Resenberg Frizeiro com a equipe da Itallian Hair Tech, em mais um curso em Valen\u00e7a (RJ), com Erika Fialho, Ant\u00f4nia Carvalho, D\u00e9borah Cardoso e Marcella Antunes<\/p><\/div>\n<div id=\"attachment_113728\" style=\"width: 510px\" class=\"wp-caption aligncenter\"><img loading=\"lazy\" decoding=\"async\" aria-describedby=\"caption-attachment-113728\" class=\"wp-image-113728\" src=\"http:\/\/diarioregionaljf.com.br\/wp-content\/uploads\/2018\/08\/fotog-1-e1533241265743.png\" alt=\"\" width=\"500\" height=\"413\" srcset=\"https:\/\/diarioregionaldigital.com.br\/wp-content\/uploads\/2018\/08\/fotog-1-e1533241265743.png 664w, https:\/\/diarioregionaldigital.com.br\/wp-content\/uploads\/2018\/08\/fotog-1-e1533241265743-300x248.png 300w, https:\/\/diarioregionaldigital.com.br\/wp-content\/uploads\/2018\/08\/fotog-1-e1533241265743-360x298.png 360w\" sizes=\"auto, (max-width: 500px) 100vw, 500px\" \/><p id=\"caption-attachment-113728\" class=\"wp-caption-text\">O dan\u00e7arino Eduardo Saleme dirige neste s\u00e1bado, 4, performance na Festa Yuk\u00ea, no Rocket Pub<\/p><\/div>\n<div id=\"attachment_113717\" style=\"width: 510px\" class=\"wp-caption aligncenter\"><img loading=\"lazy\" decoding=\"async\" aria-describedby=\"caption-attachment-113717\" class=\"wp-image-113717\" src=\"http:\/\/diarioregionaljf.com.br\/wp-content\/uploads\/2018\/08\/fotoj-1-e1533244646223.jpg\" alt=\"\" width=\"500\" height=\"423\" srcset=\"https:\/\/diarioregionaldigital.com.br\/wp-content\/uploads\/2018\/08\/fotoj-1-e1533244646223.jpg 710w, https:\/\/diarioregionaldigital.com.br\/wp-content\/uploads\/2018\/08\/fotoj-1-e1533244646223-300x254.jpg 300w, https:\/\/diarioregionaldigital.com.br\/wp-content\/uploads\/2018\/08\/fotoj-1-e1533244646223-360x304.jpg 360w\" sizes=\"auto, (max-width: 500px) 100vw, 500px\" \/><p id=\"caption-attachment-113717\" class=\"wp-caption-text\">O ator e apresentador Fl\u00e1vio Fusco, em momento efeito especial, na Noruega<\/p><\/div>\n<p style=\"text-align: center;\"><strong>FOTOSS\u00cdNTESE<\/strong><\/p>\n<p>A rainha do r\u00e1dio, Alzira Bianco estar\u00e1 se apresentado no dia 3 de agosto, \u00e0s 20h30, no jantar do Restaurante Savoir-Fare.<\/p>\n<p>Vai ser em ritmo bem colorido a exposi\u00e7\u00e3o No Arm\u00e1rio de Mademoiselle Debret le Blanc, em homenagem ao idealizador do Miss Brasil Gay, Chiquinho Mota. Ser\u00e1 de 9 a 19 de agosto, na Galeria Portinari do Ritz Hotel, dentro da II\u00aa Semana Rainbow da UFJF.<\/p>\n<p>O projeto Minha Cidade L\u00ea, das cidades de Santana de Cataguases e S\u00e3o Sebasti\u00e3o da Vargem Grande, coordenado pela professora Maria Teresa Werneck, recebe na 6\u00aa feira, 3, a \u201cCavalgada Liter\u00e1ria\u201d, com os \u201cCavaleiros da Cultura\u201d, comandado por Carlos Oscar Niemeyer, com distribui\u00e7\u00e3o gratuita de livros.<\/p>\n<p>Ser\u00e1 no dia 15 de setembro, \u00e0s 21h30, no C\u00edrculo Militar, o baile de comemora\u00e7\u00e3o dos 10 anos de funda\u00e7\u00e3o do Bloco do Batom. O tom musical ser\u00e1 de Edmar Augusto. Convidando, a presidente Ana Braida.<\/p>\n<p>Juiz de Fora levou caravana para participar dos Jogos Florais de Nova Friburgo. Onze trovadores participaram e seis foram premiados. Em destaque o trovador e poeta Messias da Rocha, o Magn\u00edfico, Amael Tavares, Dulc\u00eddio Sobrinho, M\u00e1rcia Jaber, Romilton Faria, Carlos Fel\u00edcio Miana e Jos\u00e9 Paulo Corr\u00eaa.<\/p>\n<p>Em ritmo de as \u00e1guas v\u00e3o rolar, ser\u00e1 entre os dias 24 e 26 de agosto, as festividades de comemora\u00e7\u00e3o dos 68 anos de funda\u00e7\u00e3o, do Esporte Clube S\u00e3o Carlos. Missa, jantar dan\u00e7ante e programa\u00e7\u00e3o esportiva fazem parte do enredo. Convidando, o presidente Jos\u00e9 Maria Veloso.<\/p>\n<p>No sabad\u00e3o, 4, a partir das 16h30, tem samba no Restaurante Card\u00e1pio Mineiro, no Espa\u00e7o Mascarenhas. \u00c9 Show!<\/p>\n<p>Para o policiamento nos bairros e centro de Juiz de Fora, a Pol\u00edcia Militar refor\u00e7a a seguran\u00e7a com 16 bases m\u00f3veis, com corpora\u00e7\u00e3o otimizando o policiamento com base na tecnologia contra o crime.<\/p>\n<p>Neste fim de semana, 4 e 5, acontece o Aerofest que deve reunir 20 mil pessoas no Aeroporto Francisco Alvares de Assis (Serrinha). Em cena, apresenta\u00e7\u00f5es culturais, pra\u00e7a de alimenta\u00e7\u00e3o e show da Esquadrilha da Fuma\u00e7a.<\/p>\n<p>O calend\u00e1rio aponta para os dias 14 a 16 de agosto o Festival Cineit\u00e1lia Juiz de Fora. Ser\u00e1 na Casa D\u2019It\u00e1lia, com exibi\u00e7\u00e3o de filmes italianos. Ingresso 1 litro de leite que ser\u00e1 doado ao Lact\u00e1rio S\u00e3o Jos\u00e9.<\/p>\n<p>A partir do s\u00e1bado, 4 de agosto, a Gol Linhas A\u00e9reas deixar\u00e1 de realizar voos do Aeroporto Itamar Franco para o Aeroporto da Pampulha (BH).<\/p>\n<p>Para sextar: Ser\u00e1 que a chuva \u00e9 nuvem que est\u00e1 morrendo? Ou ser\u00e1 que a nuvem \u00e9 mar recluso das alturas? Bom dia.<\/p>\n","protected":false},"excerpt":{"rendered":"<p>Espet\u00e1culo Interativo A pe\u00e7a \u201cDona Baratinha\u201d desembarca no Divers\u00e3o em Cena ArcelorMittal em Juiz de Fora. Encenada de forma l\u00fadica, a adapta\u00e7\u00e3o do conto infantil \u00e9 uma reflex\u00e3o sobre o comportamento humano. A produ\u00e7\u00e3o do Grupo Argumento \u00e9 a atra\u00e7\u00e3o no dia 5 de agosto, domingo, \u00e0s 16h, no Teatro Solar. Livro Dialogar entre a [&hellip;]<\/p>\n","protected":false},"author":96,"featured_media":113732,"comment_status":"closed","ping_status":"closed","sticky":false,"template":"","format":"standard","meta":{"footnotes":""},"categories":[264],"tags":[],"class_list":["post-113729","post","type-post","status-publish","format-standard","has-post-thumbnail","hentry","category-eduardo-gomes"],"_links":{"self":[{"href":"https:\/\/diarioregionaldigital.com.br\/index.php?rest_route=\/wp\/v2\/posts\/113729","targetHints":{"allow":["GET"]}}],"collection":[{"href":"https:\/\/diarioregionaldigital.com.br\/index.php?rest_route=\/wp\/v2\/posts"}],"about":[{"href":"https:\/\/diarioregionaldigital.com.br\/index.php?rest_route=\/wp\/v2\/types\/post"}],"author":[{"embeddable":true,"href":"https:\/\/diarioregionaldigital.com.br\/index.php?rest_route=\/wp\/v2\/users\/96"}],"replies":[{"embeddable":true,"href":"https:\/\/diarioregionaldigital.com.br\/index.php?rest_route=%2Fwp%2Fv2%2Fcomments&post=113729"}],"version-history":[{"count":0,"href":"https:\/\/diarioregionaldigital.com.br\/index.php?rest_route=\/wp\/v2\/posts\/113729\/revisions"}],"wp:featuredmedia":[{"embeddable":true,"href":"https:\/\/diarioregionaldigital.com.br\/index.php?rest_route=\/wp\/v2\/media\/113732"}],"wp:attachment":[{"href":"https:\/\/diarioregionaldigital.com.br\/index.php?rest_route=%2Fwp%2Fv2%2Fmedia&parent=113729"}],"wp:term":[{"taxonomy":"category","embeddable":true,"href":"https:\/\/diarioregionaldigital.com.br\/index.php?rest_route=%2Fwp%2Fv2%2Fcategories&post=113729"},{"taxonomy":"post_tag","embeddable":true,"href":"https:\/\/diarioregionaldigital.com.br\/index.php?rest_route=%2Fwp%2Fv2%2Ftags&post=113729"}],"curies":[{"name":"wp","href":"https:\/\/api.w.org\/{rel}","templated":true}]}}