{"id":113711,"date":"2018-08-02T11:45:33","date_gmt":"2018-08-02T14:45:33","guid":{"rendered":"http:\/\/diarioregionaljf.com.br\/?p=113711"},"modified":"2018-08-02T11:45:33","modified_gmt":"2018-08-02T14:45:33","slug":"campanha-de-popularizacao-tera-espetaculos-com-interprete-de-libras-e-descricao-audiovisual","status":"publish","type":"post","link":"https:\/\/diarioregionaldigital.com.br\/?p=113711","title":{"rendered":"\u201cCampanha de Populariza\u00e7\u00e3o\u201d ter\u00e1 espet\u00e1culos com int\u00e9rprete de Libras e descri\u00e7\u00e3o audiovisual"},"content":{"rendered":"<p>A 17\u00aa edi\u00e7\u00e3o da \u201cCampanha de Populariza\u00e7\u00e3o do Teatro &amp; Dan\u00e7a de Juiz de Fora\u201d contar\u00e1 com tr\u00eas espet\u00e1culos com acessibilidade comunicativa. As pe\u00e7as da categoria adulto \u201cA M\u00e1quina\u201d (Correcotia Produ\u00e7\u00e3o Cultural) e \u201cN\u00e3o-v\u00e3o-al\u00e9m\u201d (Pisa Ligeiro\/Sala de Giz), e o espet\u00e1culo infantil \u201cPam Pam Tchan\u201d (Cia Rotunda de Teatro), ter\u00e3o int\u00e9rprete de libras e descri\u00e7\u00e3o audiovisual. Os ingressos est\u00e3o sendo vendidos por R$ 10, no trailer da Associa\u00e7\u00e3o dos Produtores Culturais de Juiz de Fora (Apac\/JF) localizado no Parque Halfeld (de segunda a sexta e domingo, do meio-dia \u00e0s 19 horas, e s\u00e1bado, das 10 \u00e0s 19 horas) e na loja da Apac, no Independ\u00eancia Shopping, segundo piso (segunda a segunda, das 13 \u00e0s 20 horas).<\/p>\n<p>As apresenta\u00e7\u00f5es ser\u00e3o realizadas no Teatro Paschoal Carlos Magno (Rua Gilberto de Alencar, Centro), que possui rampas de acessibilidade e \u00e1rea destinada a pessoas que utilizam cadeira de rodas. O local ser\u00e1 palco de outros seis espet\u00e1culos infantis, 13 adultos, al\u00e9m de tr\u00eas oficinas, uma mostra e duas apresenta\u00e7\u00f5es de dan\u00e7a. A programa\u00e7\u00e3o completa pode ser conferida no site da Apac ou na p\u00e1gina do Facebook.<\/p>\n<p><b>11 de agosto<\/b><\/p>\n<p><b>Pam Pam Tchan | Aventura | Livre<\/b><\/p>\n<p><b>Sinopse:<\/b> Um circo cheio de magia, alegria e muitas cores est\u00e1 amea\u00e7ado com a chegada de uma vil\u00e3 determinada a acabar com a alegria no mundo! Os palha\u00e7os e a bailarina chorona do circo enfrentam dif\u00edceis momentos para impedir seu grande plano e suas terr\u00edveis maldades.<\/p>\n<p><b>16 de agosto<\/b><\/p>\n<p><b>21h &#8211; A M\u00e1quina | Com\u00e9dia Dram\u00e1tica | 12 anos<\/b><\/p>\n<p><b>Sinopse:<\/b> Cada um tem um desejo. O de Ant\u00f4nio era ter Karina por perto, e o dela era ir para o mundo. Nesta reimagina\u00e7\u00e3o da obra de Adriana Falc\u00e3o e Jo\u00e3o Falc\u00e3o, seguimos a saga de Ant\u00f4nio, desde sua oficina na \u00e1rida terra nordestina, at\u00e9 as tenta\u00e7\u00f5es das luzes da metr\u00f3pole: uma viagem al\u00e9m dos limites do espa\u00e7o e do tempo.<\/p>\n<p><b>26 de agosto<\/b><\/p>\n<p><b>18h \u2013 N\u00e3o-v\u00e3o-al\u00e9m | Drama Fantasia| Livre<\/b><\/p>\n<p><b>Sinopse:<\/b> N\u00e3o-v\u00e3o-al\u00e9m \u00e9 um lugar imagin\u00e1rio, ex\u00edlio para um casal de jovens artistas que viajou pelo mundo durante nove meses at\u00e9 um desentendimento no caminho. Seguir no mundo ou criar ra\u00edzes?<\/p>\n<p>&nbsp;<\/p>\n<p>Fonte: Assessoria PJF<\/p>\n","protected":false},"excerpt":{"rendered":"<p>A 17\u00aa edi\u00e7\u00e3o da \u201cCampanha de Populariza\u00e7\u00e3o do Teatro &amp; Dan\u00e7a de Juiz de Fora\u201d contar\u00e1 com tr\u00eas espet\u00e1culos com acessibilidade comunicativa. As pe\u00e7as da categoria adulto \u201cA M\u00e1quina\u201d (Correcotia Produ\u00e7\u00e3o Cultural) e \u201cN\u00e3o-v\u00e3o-al\u00e9m\u201d (Pisa Ligeiro\/Sala de Giz), e o espet\u00e1culo infantil \u201cPam Pam Tchan\u201d (Cia Rotunda de Teatro), ter\u00e3o int\u00e9rprete de libras e descri\u00e7\u00e3o [&hellip;]<\/p>\n","protected":false},"author":96,"featured_media":113712,"comment_status":"closed","ping_status":"closed","sticky":false,"template":"","format":"standard","meta":{"footnotes":""},"categories":[253,439],"tags":[],"class_list":["post-113711","post","type-post","status-publish","format-standard","has-post-thumbnail","hentry","category-cidade","category-ultima-hora"],"_links":{"self":[{"href":"https:\/\/diarioregionaldigital.com.br\/index.php?rest_route=\/wp\/v2\/posts\/113711","targetHints":{"allow":["GET"]}}],"collection":[{"href":"https:\/\/diarioregionaldigital.com.br\/index.php?rest_route=\/wp\/v2\/posts"}],"about":[{"href":"https:\/\/diarioregionaldigital.com.br\/index.php?rest_route=\/wp\/v2\/types\/post"}],"author":[{"embeddable":true,"href":"https:\/\/diarioregionaldigital.com.br\/index.php?rest_route=\/wp\/v2\/users\/96"}],"replies":[{"embeddable":true,"href":"https:\/\/diarioregionaldigital.com.br\/index.php?rest_route=%2Fwp%2Fv2%2Fcomments&post=113711"}],"version-history":[{"count":0,"href":"https:\/\/diarioregionaldigital.com.br\/index.php?rest_route=\/wp\/v2\/posts\/113711\/revisions"}],"wp:featuredmedia":[{"embeddable":true,"href":"https:\/\/diarioregionaldigital.com.br\/index.php?rest_route=\/wp\/v2\/media\/113712"}],"wp:attachment":[{"href":"https:\/\/diarioregionaldigital.com.br\/index.php?rest_route=%2Fwp%2Fv2%2Fmedia&parent=113711"}],"wp:term":[{"taxonomy":"category","embeddable":true,"href":"https:\/\/diarioregionaldigital.com.br\/index.php?rest_route=%2Fwp%2Fv2%2Fcategories&post=113711"},{"taxonomy":"post_tag","embeddable":true,"href":"https:\/\/diarioregionaldigital.com.br\/index.php?rest_route=%2Fwp%2Fv2%2Ftags&post=113711"}],"curies":[{"name":"wp","href":"https:\/\/api.w.org\/{rel}","templated":true}]}}