{"id":113708,"date":"2018-08-02T11:38:24","date_gmt":"2018-08-02T14:38:24","guid":{"rendered":"http:\/\/diarioregionaljf.com.br\/?p=113708"},"modified":"2018-08-02T11:38:24","modified_gmt":"2018-08-02T14:38:24","slug":"tupi-encara-volta-redonda-no-sabado-em-jogo-decisivo-no-estadio-municipal-de-juiz-de-fora","status":"publish","type":"post","link":"https:\/\/diarioregionaldigital.com.br\/?p=113708","title":{"rendered":"Tupi encara Volta Redonda no s\u00e1bado em jogo decisivo no Est\u00e1dio Municipal de Juiz de Fora"},"content":{"rendered":"<p>A bola rolar\u00e1 no gramado do Est\u00e1dio Municipal \u201cRadialista M\u00e1rio Hel\u00eanio\u201d no s\u00e1bado, 4. \u00c0s 16 horas, o Tupi enfrentar\u00e1 o Volta Redonda, do Rio de Janeiro, pela 17\u00aa rodada da s\u00e9rie C do Campeonato Brasileiro. Os ingressos custar\u00e3o R$ 20 (inteira) e R$ 10 (meia) e estar\u00e3o dispon\u00edveis a partir da tarde de quinta-feira, 2, na sede social do Tupi (Rua Jos\u00e9 Calil Ahouagi, 332, Centro) e no cal\u00e7ad\u00e3o da Rua Halfeld. As vendas seguir\u00e3o na sexta-feira, 3, das 9 \u00e0s 18 horas, e no s\u00e1bado, 4, at\u00e9 as 12 horas, nos mesmos locais. Menores de 12 anos acompanhados dos respons\u00e1veis e devidamente documentados n\u00e3o pagam. A torcida do Tupi entrar\u00e1 pelo port\u00e3o principal (P\u00f3rtico 1), enquanto que a do Volta Redonda ter\u00e1 acesso pelo Bairro Dom Orione (P\u00f3rtico 3). A abertura do est\u00e1dio acontecer\u00e1 \u00e0s 15 horas, com venda de ingressos a partir deste hor\u00e1rio.<\/p>\n<p>Ser\u00e3o disponibilizados \u00f4nibus especiais para transporte dos torcedores, com sa\u00edda a partir das 10 horas, com aumento no n\u00famero de ve\u00edculos \u00e0s 14 horas, da Avenida Presidente Itamar Franco, em frente \u00e0 Ag\u00eancia de Prote\u00e7\u00e3o e Defesa do Consumidor (Procon). O \u00faltimo ve\u00edculo sair\u00e1 do est\u00e1dio 40 minutos ap\u00f3s o t\u00e9rmino do jogo. Artefatos pirot\u00e9cnicos, fuma\u00e7as e bebidas em vasilhames de vidro, latas e garrafas pl\u00e1sticas n\u00e3o ser\u00e3o permitidos dentro do est\u00e1dio, assim como, por quest\u00f5es de seguran\u00e7a, a entrada de torcedores usando o uniforme advers\u00e1rio nos port\u00f5es indicados.<\/p>\n<p>&nbsp;<\/p>\n<p><strong>Equipe Confirmada<\/strong><\/p>\n<p>Em treino realizado durante essa semana, no Est\u00e1dio Municipal Radialista M\u00e1rio Hel\u00eanio, o t\u00e9cnico do Tupi, A\u00edlton Ferraz, confirmou que dever\u00e1 manter a forma\u00e7\u00e3o que venceu o Joinville no \u00faltimo fim de semana para o duelo decisivo contra o Volta Redonda.<\/p>\n<p>Desta forma, e sem atletas suspensos, o Tupi deve entrar em campo com Vilar; F\u00e1bio Henrique, Diogo, Sidimar e Magalh\u00e3es; Marcel e Rodrigo Dantas; Diego Lu\u00eds, Potita e Jo\u00e3o Willian; Reis. O Galo \u00e9 o vice-lanterna da S\u00e9rie C com 17 pontos, dois a menos que o Volta\u00e7o e o Ypiranga (RS), primeiros clubes fora do Z2.<\/p>\n","protected":false},"excerpt":{"rendered":"<p>A bola rolar\u00e1 no gramado do Est\u00e1dio Municipal \u201cRadialista M\u00e1rio Hel\u00eanio\u201d no s\u00e1bado, 4. \u00c0s 16 horas, o Tupi enfrentar\u00e1 o Volta Redonda, do Rio de Janeiro, pela 17\u00aa rodada da s\u00e9rie C do Campeonato Brasileiro. Os ingressos custar\u00e3o R$ 20 (inteira) e R$ 10 (meia) e estar\u00e3o dispon\u00edveis a partir da tarde de quinta-feira, [&hellip;]<\/p>\n","protected":false},"author":96,"featured_media":113709,"comment_status":"closed","ping_status":"closed","sticky":false,"template":"","format":"standard","meta":{"footnotes":""},"categories":[257,439],"tags":[],"class_list":["post-113708","post","type-post","status-publish","format-standard","has-post-thumbnail","hentry","category-esporte","category-ultima-hora"],"_links":{"self":[{"href":"https:\/\/diarioregionaldigital.com.br\/index.php?rest_route=\/wp\/v2\/posts\/113708","targetHints":{"allow":["GET"]}}],"collection":[{"href":"https:\/\/diarioregionaldigital.com.br\/index.php?rest_route=\/wp\/v2\/posts"}],"about":[{"href":"https:\/\/diarioregionaldigital.com.br\/index.php?rest_route=\/wp\/v2\/types\/post"}],"author":[{"embeddable":true,"href":"https:\/\/diarioregionaldigital.com.br\/index.php?rest_route=\/wp\/v2\/users\/96"}],"replies":[{"embeddable":true,"href":"https:\/\/diarioregionaldigital.com.br\/index.php?rest_route=%2Fwp%2Fv2%2Fcomments&post=113708"}],"version-history":[{"count":0,"href":"https:\/\/diarioregionaldigital.com.br\/index.php?rest_route=\/wp\/v2\/posts\/113708\/revisions"}],"wp:featuredmedia":[{"embeddable":true,"href":"https:\/\/diarioregionaldigital.com.br\/index.php?rest_route=\/wp\/v2\/media\/113709"}],"wp:attachment":[{"href":"https:\/\/diarioregionaldigital.com.br\/index.php?rest_route=%2Fwp%2Fv2%2Fmedia&parent=113708"}],"wp:term":[{"taxonomy":"category","embeddable":true,"href":"https:\/\/diarioregionaldigital.com.br\/index.php?rest_route=%2Fwp%2Fv2%2Fcategories&post=113708"},{"taxonomy":"post_tag","embeddable":true,"href":"https:\/\/diarioregionaldigital.com.br\/index.php?rest_route=%2Fwp%2Fv2%2Ftags&post=113708"}],"curies":[{"name":"wp","href":"https:\/\/api.w.org\/{rel}","templated":true}]}}