{"id":113704,"date":"2018-08-02T11:24:21","date_gmt":"2018-08-02T14:24:21","guid":{"rendered":"http:\/\/diarioregionaljf.com.br\/?p=113704"},"modified":"2018-08-02T11:25:51","modified_gmt":"2018-08-02T14:25:51","slug":"ze-ricardo-esta-bem-cotado-para-substituir-paqueta-no-botafogo","status":"publish","type":"post","link":"https:\/\/diarioregionaldigital.com.br\/?p=113704","title":{"rendered":"Z\u00e9 Ricardo est\u00e1 bem cotado para substituir Paquet\u00e1 no Botafogo"},"content":{"rendered":"<p>Acabou o ciclo de Marcos Paquet\u00e1 no Botafogo. Depois de perder para o Nacional do Paraguai, por 2 a 1, pela Copa Sul-Americana, a diretoria do botafogo optou por demitir o comandante nesta quarta-feira.<\/p>\n<p>O treinador foi convocado para uma reuni\u00e3o logo depois do jogo disputado em Assun\u00e7\u00e3o e recebeu a comunica\u00e7\u00e3o de que n\u00e3o continuaria a comandar o Alvinegro de General Severiano.<\/p>\n<p>A diretoria do Botafogo j\u00e1 come\u00e7ou a se movimentar para contratar o substituto do t\u00e9cnico\u00a0Marcos Paquet\u00e1, demitido ap\u00f3s a derrota para o Nacional, do Paraguai, na noite desta quarta-feira. Z\u00e9 Ricardo, ex-treinador do Vasco e do Flamengo, est\u00e1 bem cotado para se tornar o quinto comandante do clube na atual temporada.<\/p>\n<p>Z\u00e9 Ricardo chegou a ser sondado pelo Alvinegro quando Alberto Valentim saiu para o futebol do Egito, mas o t\u00e9cnico ainda estava esperando propostas do exterior. As negocia\u00e7\u00f5es s\u00e3o comandadas pelo gerente Anderson Barros, amigo de Z\u00e9 Ricardo.<\/p>\n<p>Jair Ventura chegou a ser cogitado, mas fontes do clube informaram que o treinador, demitido recentemente pelo Santos, teria descartado o retorno ao Botafogo porque pretende viver novas experi\u00eancias.<\/p>\n<p>Para a partida deste s\u00e1bado, diante do Santos, no Nilton Santos, a equipe dever\u00e1 ser dirigida pelo auxiliar Bruno Lazaroni.<\/p>\n<p>Fonte: Gazeta Press<\/p>\n","protected":false},"excerpt":{"rendered":"<p>Acabou o ciclo de Marcos Paquet\u00e1 no Botafogo. Depois de perder para o Nacional do Paraguai, por 2 a 1, pela Copa Sul-Americana, a diretoria do botafogo optou por demitir o comandante nesta quarta-feira. O treinador foi convocado para uma reuni\u00e3o logo depois do jogo disputado em Assun\u00e7\u00e3o e recebeu a comunica\u00e7\u00e3o de que n\u00e3o [&hellip;]<\/p>\n","protected":false},"author":96,"featured_media":113705,"comment_status":"closed","ping_status":"closed","sticky":false,"template":"","format":"standard","meta":{"footnotes":""},"categories":[257,439],"tags":[],"class_list":["post-113704","post","type-post","status-publish","format-standard","has-post-thumbnail","hentry","category-esporte","category-ultima-hora"],"_links":{"self":[{"href":"https:\/\/diarioregionaldigital.com.br\/index.php?rest_route=\/wp\/v2\/posts\/113704","targetHints":{"allow":["GET"]}}],"collection":[{"href":"https:\/\/diarioregionaldigital.com.br\/index.php?rest_route=\/wp\/v2\/posts"}],"about":[{"href":"https:\/\/diarioregionaldigital.com.br\/index.php?rest_route=\/wp\/v2\/types\/post"}],"author":[{"embeddable":true,"href":"https:\/\/diarioregionaldigital.com.br\/index.php?rest_route=\/wp\/v2\/users\/96"}],"replies":[{"embeddable":true,"href":"https:\/\/diarioregionaldigital.com.br\/index.php?rest_route=%2Fwp%2Fv2%2Fcomments&post=113704"}],"version-history":[{"count":0,"href":"https:\/\/diarioregionaldigital.com.br\/index.php?rest_route=\/wp\/v2\/posts\/113704\/revisions"}],"wp:featuredmedia":[{"embeddable":true,"href":"https:\/\/diarioregionaldigital.com.br\/index.php?rest_route=\/wp\/v2\/media\/113705"}],"wp:attachment":[{"href":"https:\/\/diarioregionaldigital.com.br\/index.php?rest_route=%2Fwp%2Fv2%2Fmedia&parent=113704"}],"wp:term":[{"taxonomy":"category","embeddable":true,"href":"https:\/\/diarioregionaldigital.com.br\/index.php?rest_route=%2Fwp%2Fv2%2Fcategories&post=113704"},{"taxonomy":"post_tag","embeddable":true,"href":"https:\/\/diarioregionaldigital.com.br\/index.php?rest_route=%2Fwp%2Fv2%2Ftags&post=113704"}],"curies":[{"name":"wp","href":"https:\/\/api.w.org\/{rel}","templated":true}]}}