{"id":113701,"date":"2018-08-02T11:17:18","date_gmt":"2018-08-02T14:17:18","guid":{"rendered":"http:\/\/diarioregionaljf.com.br\/?p=113701"},"modified":"2018-08-02T11:17:18","modified_gmt":"2018-08-02T14:17:18","slug":"sel-realiza-congresso-tecnico-para-copa-prefeitura-bahamas-de-futebol-amador-2018","status":"publish","type":"post","link":"https:\/\/diarioregionaldigital.com.br\/?p=113701","title":{"rendered":"SEL realiza congresso t\u00e9cnico para Copa Prefeitura\/Bahamas de Futebol Amador 2018"},"content":{"rendered":"<p>No clima de eventos pr\u00e9-competi\u00e7\u00e3o, a Secretaria de Esporte e Lazer (SEL) da Prefeitura de Juiz de Fora (PJF) realiza, nesta quarta, 1\u00ba, e quinta-feira, 2, o congresso t\u00e9cnico para defini\u00e7\u00e3o da organiza\u00e7\u00e3o da &#8220;Copa Prefeitura Bahamas de Futebol Amador 2018&#8221;. Os representantes dos times poder\u00e3o esclarecer d\u00favidas, contribuir para solu\u00e7\u00f5es e receber aux\u00edlio da coordena\u00e7\u00e3o sobre todas as quest\u00f5es da Copa. Nesta quarta, \u00e0s 15 horas, no audit\u00f3rio da SEL, ser\u00e3o definidas as diretrizes das categorias de base e da categoria Feminina. Mais tarde, \u00e0s 19 horas, ser\u00e1 a vez das categorias Veterana, Master, Supermaster e S\u00eanior. J\u00e1 na quinta-feira, \u00e0s 15 horas, acontecer\u00e1 o congresso referente \u00e0 categoria Zona Rural. Mais tarde, \u00e0s 19 horas, fechando a s\u00e9rie, ser\u00e1 a vez da categoria Adulta. A presen\u00e7a dos representantes \u00e9 obrigat\u00f3ria, e todas as decis\u00f5es ser\u00e3o registradas em ata, gravadas e filmadas.<\/p>\n<p>Super Copa dos Campe\u00f5es<\/p>\n<p>Os jogos acontecer\u00e3o a partir da segunda-feira, 6, no campo da Comiss\u00e3o de Administra\u00e7\u00e3o de Espa\u00e7o Municipal (Caem) Milho Branco. A defini\u00e7\u00e3o dos hor\u00e1rios tamb\u00e9m ser\u00e1 conhecida no Congresso T\u00e9cnico. O torneio abriga as equipes vencedoras das cinco edi\u00e7\u00f5es anteriores e os times campe\u00f5es da categoria Zona Rural, por ser a \u00fanica com a mesma faixa et\u00e1ria da Adulta.<\/p>\n<p><strong>Desfile de abertura<\/strong><\/p>\n<p>No domingo, 5, \u00e0s 9 horas, acontecer\u00e1 o desfile de abertura da Copa Prefeitura Bahamas de Futebol Amador na Avenida Rio Branco, parceria entre SEL e Grupo Bahamas. O local ser\u00e1 definido no congresso tT\u00e9cnico. No evento, \u00e9 obrigat\u00f3ria a participa\u00e7\u00e3o das 11 categorias inscritas, com participa\u00e7\u00e3o de, no m\u00ednimo, dez integrantes uniformizados por equipe.<\/p>\n<p>O campeonato \u00e9 considerado atualmente como a maior competi\u00e7\u00e3o de futebol amador do Brasil. Este ano, foram inscritas mais de 250 equipes, e o atendimento direto e indireto ao longo de toda a competi\u00e7\u00e3o gira em torno de cem mil pessoas, de agosto a dezembro.<\/p>\n<p>Fonte: Assessoria\/SEL<\/p>\n","protected":false},"excerpt":{"rendered":"<p>No clima de eventos pr\u00e9-competi\u00e7\u00e3o, a Secretaria de Esporte e Lazer (SEL) da Prefeitura de Juiz de Fora (PJF) realiza, nesta quarta, 1\u00ba, e quinta-feira, 2, o congresso t\u00e9cnico para defini\u00e7\u00e3o da organiza\u00e7\u00e3o da &#8220;Copa Prefeitura Bahamas de Futebol Amador 2018&#8221;. Os representantes dos times poder\u00e3o esclarecer d\u00favidas, contribuir para solu\u00e7\u00f5es e receber aux\u00edlio da [&hellip;]<\/p>\n","protected":false},"author":96,"featured_media":113702,"comment_status":"closed","ping_status":"closed","sticky":false,"template":"","format":"standard","meta":{"footnotes":""},"categories":[257,439],"tags":[],"class_list":["post-113701","post","type-post","status-publish","format-standard","has-post-thumbnail","hentry","category-esporte","category-ultima-hora"],"_links":{"self":[{"href":"https:\/\/diarioregionaldigital.com.br\/index.php?rest_route=\/wp\/v2\/posts\/113701","targetHints":{"allow":["GET"]}}],"collection":[{"href":"https:\/\/diarioregionaldigital.com.br\/index.php?rest_route=\/wp\/v2\/posts"}],"about":[{"href":"https:\/\/diarioregionaldigital.com.br\/index.php?rest_route=\/wp\/v2\/types\/post"}],"author":[{"embeddable":true,"href":"https:\/\/diarioregionaldigital.com.br\/index.php?rest_route=\/wp\/v2\/users\/96"}],"replies":[{"embeddable":true,"href":"https:\/\/diarioregionaldigital.com.br\/index.php?rest_route=%2Fwp%2Fv2%2Fcomments&post=113701"}],"version-history":[{"count":0,"href":"https:\/\/diarioregionaldigital.com.br\/index.php?rest_route=\/wp\/v2\/posts\/113701\/revisions"}],"wp:featuredmedia":[{"embeddable":true,"href":"https:\/\/diarioregionaldigital.com.br\/index.php?rest_route=\/wp\/v2\/media\/113702"}],"wp:attachment":[{"href":"https:\/\/diarioregionaldigital.com.br\/index.php?rest_route=%2Fwp%2Fv2%2Fmedia&parent=113701"}],"wp:term":[{"taxonomy":"category","embeddable":true,"href":"https:\/\/diarioregionaldigital.com.br\/index.php?rest_route=%2Fwp%2Fv2%2Fcategories&post=113701"},{"taxonomy":"post_tag","embeddable":true,"href":"https:\/\/diarioregionaldigital.com.br\/index.php?rest_route=%2Fwp%2Fv2%2Ftags&post=113701"}],"curies":[{"name":"wp","href":"https:\/\/api.w.org\/{rel}","templated":true}]}}