{"id":113692,"date":"2018-08-02T11:01:04","date_gmt":"2018-08-02T14:01:04","guid":{"rendered":"http:\/\/diarioregionaljf.com.br\/?p=113692"},"modified":"2018-08-02T11:01:04","modified_gmt":"2018-08-02T14:01:04","slug":"ranking-31a-corrida-duque-de-caxias-esta-com-as-inscricoes-abertas","status":"publish","type":"post","link":"https:\/\/diarioregionaldigital.com.br\/?p=113692","title":{"rendered":"Ranking: 31\u00aa Corrida Duque de Caxias est\u00e1 com as inscri\u00e7\u00f5es abertas"},"content":{"rendered":"<p>A s\u00e9tima prova do \u201c32\u00ba Ranking de Corridas de Rua\u201d ser\u00e1 realizada no pr\u00f3ximo dia 26. As inscri\u00e7\u00f5es est\u00e3o abertas e v\u00e3o at\u00e9 o dia 19 ou at\u00e9 atingir o limite t\u00e9cnico de atletas. A largada da \u201c31\u00aa Corrida Duque de Caxias\u201d ser\u00e1 no campus da Universidade Federal de Juiz de Fora (UFJF), na Pra\u00e7a C\u00edvica, \u00e0s 8 horas, e o percurso ser\u00e1 de 7 km. Para correr com kit (camisa, squeeze, sacochila, bandana ecol\u00f3gica, voucher Subway e vale pizza Mr. Tugas), o valor \u00e9 R$60 e, sem o kit, R$30. Os atletas podem se inscrever nos seguintes locais:<\/p>\n<p>Loja Korpa\u00e7o: Rua Marechal Deodoro, 456, lojas 26\/28 e Av. Brasil, 6345, loja 1096<\/p>\n<p>Subway: Rua Santa Rita, 455<\/p>\n<p>Vidativa: Rua Morais e Castro, 724<\/p>\n<p>Alta Patente: Rua Mariano Proc\u00f3pio, 1025<\/p>\n<p>Shape Suplementos: Rua Mar\u00edlia, 545, Benfica e Independ\u00eancia Shopping, loja 1 Corrid\u00e3o.<\/p>\n<p>O \u201cRanking de Corridas de Rua de Juiz de Fora\u201d \u00e9 competi\u00e7\u00e3o anual, que contempla corredores de toda a cidade e regi\u00e3o. O campeonato \u00e9 parceria entre a PJF e a iniciativa privada, sendo que as empresas vencedoras do processo transparente de chamada p\u00fablica t\u00eam a oportunidade de organizar corridas com o apoio da SEL, atrav\u00e9s do Departamento de Inicia\u00e7\u00e3o, Forma\u00e7\u00e3o e Rendimento Esportivo.<\/p>\n<p>Para outras informa\u00e7\u00f5es sobre o ranking, o telefone \u00e9 o 3690-7845. O calend\u00e1rio de 2018 e todos os resultados est\u00e3o no\u00a0link pjf.gov.br, na aba \u201cCorridas\u201d<\/p>\n<p>Fonte: Assessoria\/SEL<\/p>\n","protected":false},"excerpt":{"rendered":"<p>A s\u00e9tima prova do \u201c32\u00ba Ranking de Corridas de Rua\u201d ser\u00e1 realizada no pr\u00f3ximo dia 26. As inscri\u00e7\u00f5es est\u00e3o abertas e v\u00e3o at\u00e9 o dia 19 ou at\u00e9 atingir o limite t\u00e9cnico de atletas. A largada da \u201c31\u00aa Corrida Duque de Caxias\u201d ser\u00e1 no campus da Universidade Federal de Juiz de Fora (UFJF), na Pra\u00e7a [&hellip;]<\/p>\n","protected":false},"author":96,"featured_media":113699,"comment_status":"closed","ping_status":"closed","sticky":false,"template":"","format":"standard","meta":{"footnotes":""},"categories":[257,439],"tags":[],"class_list":["post-113692","post","type-post","status-publish","format-standard","has-post-thumbnail","hentry","category-esporte","category-ultima-hora"],"_links":{"self":[{"href":"https:\/\/diarioregionaldigital.com.br\/index.php?rest_route=\/wp\/v2\/posts\/113692","targetHints":{"allow":["GET"]}}],"collection":[{"href":"https:\/\/diarioregionaldigital.com.br\/index.php?rest_route=\/wp\/v2\/posts"}],"about":[{"href":"https:\/\/diarioregionaldigital.com.br\/index.php?rest_route=\/wp\/v2\/types\/post"}],"author":[{"embeddable":true,"href":"https:\/\/diarioregionaldigital.com.br\/index.php?rest_route=\/wp\/v2\/users\/96"}],"replies":[{"embeddable":true,"href":"https:\/\/diarioregionaldigital.com.br\/index.php?rest_route=%2Fwp%2Fv2%2Fcomments&post=113692"}],"version-history":[{"count":0,"href":"https:\/\/diarioregionaldigital.com.br\/index.php?rest_route=\/wp\/v2\/posts\/113692\/revisions"}],"wp:featuredmedia":[{"embeddable":true,"href":"https:\/\/diarioregionaldigital.com.br\/index.php?rest_route=\/wp\/v2\/media\/113699"}],"wp:attachment":[{"href":"https:\/\/diarioregionaldigital.com.br\/index.php?rest_route=%2Fwp%2Fv2%2Fmedia&parent=113692"}],"wp:term":[{"taxonomy":"category","embeddable":true,"href":"https:\/\/diarioregionaldigital.com.br\/index.php?rest_route=%2Fwp%2Fv2%2Fcategories&post=113692"},{"taxonomy":"post_tag","embeddable":true,"href":"https:\/\/diarioregionaldigital.com.br\/index.php?rest_route=%2Fwp%2Fv2%2Ftags&post=113692"}],"curies":[{"name":"wp","href":"https:\/\/api.w.org\/{rel}","templated":true}]}}