{"id":113683,"date":"2018-08-02T09:42:15","date_gmt":"2018-08-02T12:42:15","guid":{"rendered":"http:\/\/diarioregionaljf.com.br\/?p=113683"},"modified":"2018-08-02T09:43:06","modified_gmt":"2018-08-02T12:43:06","slug":"catedral-e-pastoral-do-migrante-oferecem-curso-de-ingles-basico","status":"publish","type":"post","link":"https:\/\/diarioregionaldigital.com.br\/?p=113683","title":{"rendered":"Catedral e Pastoral do Migrante oferecem curso de Ingl\u00eas B\u00e1sico"},"content":{"rendered":"<p style=\"font-weight: 400;\">A Catedral Metropolitana de Juiz de Fora em parceria com a Pastoral do Migrante Arquidiocesana vai oferecer um curso de Ingl\u00eas b\u00e1sico, que ser\u00e1 realizado atrav\u00e9s de aulas expositivas de gram\u00e1tica inglesa com a utiliza\u00e7\u00e3o de plataformas como o\u00a0<em>Google Classroom<\/em>\u00a0e o\u00a0<em>Duolingo for Schools<\/em>\u00a0para facilitar o aprendizado.<\/p>\n<p style=\"font-weight: 400;\">Os interessados podem se inscrever na recep\u00e7\u00e3o da Catedral pessoalmente ou por telefone, \u00e9 necess\u00e1rio apenas deixar nome completo e o n\u00famero de telefone, n\u00e3o ser\u00e1 cobrada taxa de matr\u00edcula. Ap\u00f3s o in\u00edcio do curso ser\u00e1 cobrado um valor simb\u00f3lico mensal para todos os participantes.<\/p>\n<p style=\"font-weight: 400;\">Para participar do curso os alunos precisam ter acesso \u00e0 internet (pode ser com smartphone, tablet ou notebook \u2013 tamb\u00e9m devem saber utiliz\u00e1-los). As aulas acontecer\u00e3o aos s\u00e1bados, das 09h30 \u00e0s 11h. E pessoas acima de 12 anos representam o p\u00fablico-alvo do projeto.<\/p>\n<p><em>Fonte: Catedral JF<\/em><\/p>\n","protected":false},"excerpt":{"rendered":"<p>A Catedral Metropolitana de Juiz de Fora em parceria com a Pastoral do Migrante Arquidiocesana vai oferecer um curso de Ingl\u00eas b\u00e1sico, que ser\u00e1 realizado atrav\u00e9s de aulas expositivas de gram\u00e1tica inglesa com a utiliza\u00e7\u00e3o de plataformas como o\u00a0Google Classroom\u00a0e o\u00a0Duolingo for Schools\u00a0para facilitar o aprendizado. Os interessados podem se inscrever na recep\u00e7\u00e3o da Catedral [&hellip;]<\/p>\n","protected":false},"author":96,"featured_media":112697,"comment_status":"closed","ping_status":"closed","sticky":false,"template":"","format":"standard","meta":{"footnotes":""},"categories":[253,439],"tags":[],"class_list":["post-113683","post","type-post","status-publish","format-standard","has-post-thumbnail","hentry","category-cidade","category-ultima-hora"],"_links":{"self":[{"href":"https:\/\/diarioregionaldigital.com.br\/index.php?rest_route=\/wp\/v2\/posts\/113683","targetHints":{"allow":["GET"]}}],"collection":[{"href":"https:\/\/diarioregionaldigital.com.br\/index.php?rest_route=\/wp\/v2\/posts"}],"about":[{"href":"https:\/\/diarioregionaldigital.com.br\/index.php?rest_route=\/wp\/v2\/types\/post"}],"author":[{"embeddable":true,"href":"https:\/\/diarioregionaldigital.com.br\/index.php?rest_route=\/wp\/v2\/users\/96"}],"replies":[{"embeddable":true,"href":"https:\/\/diarioregionaldigital.com.br\/index.php?rest_route=%2Fwp%2Fv2%2Fcomments&post=113683"}],"version-history":[{"count":0,"href":"https:\/\/diarioregionaldigital.com.br\/index.php?rest_route=\/wp\/v2\/posts\/113683\/revisions"}],"wp:featuredmedia":[{"embeddable":true,"href":"https:\/\/diarioregionaldigital.com.br\/index.php?rest_route=\/wp\/v2\/media\/112697"}],"wp:attachment":[{"href":"https:\/\/diarioregionaldigital.com.br\/index.php?rest_route=%2Fwp%2Fv2%2Fmedia&parent=113683"}],"wp:term":[{"taxonomy":"category","embeddable":true,"href":"https:\/\/diarioregionaldigital.com.br\/index.php?rest_route=%2Fwp%2Fv2%2Fcategories&post=113683"},{"taxonomy":"post_tag","embeddable":true,"href":"https:\/\/diarioregionaldigital.com.br\/index.php?rest_route=%2Fwp%2Fv2%2Ftags&post=113683"}],"curies":[{"name":"wp","href":"https:\/\/api.w.org\/{rel}","templated":true}]}}