{"id":113677,"date":"2018-08-02T09:35:20","date_gmt":"2018-08-02T12:35:20","guid":{"rendered":"http:\/\/diarioregionaljf.com.br\/?p=113677"},"modified":"2018-08-02T09:36:25","modified_gmt":"2018-08-02T12:36:25","slug":"julgamento-no-tre-mg-decisao-adiada-sobre-cassacao-em-barbacena","status":"publish","type":"post","link":"https:\/\/diarioregionaldigital.com.br\/?p=113677","title":{"rendered":"Julgamento no TRE-MG: decis\u00e3o adiada sobre cassa\u00e7\u00e3o em Barbacena"},"content":{"rendered":"<p>Ficou para o dia 08 de agosto a decis\u00e3o do julgamento que pede a cassa\u00e7\u00e3o do Prefeito de Barbacena, Luis \u00c1lvaro, sua vice \u00c2ngela Kilson, al\u00e9m da condena\u00e7\u00e3o do ex-prefeito Toninho Andrada. Os tr\u00eas s\u00e3o acusados de capta\u00e7\u00e3o il\u00edcita de votos nas elei\u00e7\u00f5es para prefeito de 2016.<\/p>\n<p>A sess\u00e3o come\u00e7ou nesta quarta-feira, 1\u00ba, no tribunal regional eleitoral de Minas gerais. Um dos desembargadores pediu vistas e adiou a decis\u00e3o. Dos sete desembargadores, 3 j\u00e1 votaram sendo dois a favor da manuten\u00e7\u00e3o do mandato e um contra.<\/p>\n<p>&nbsp;<\/p>\n<p>Fonte: Barbacena Online<\/p>\n","protected":false},"excerpt":{"rendered":"<p>Ficou para o dia 08 de agosto a decis\u00e3o do julgamento que pede a cassa\u00e7\u00e3o do Prefeito de Barbacena, Luis \u00c1lvaro, sua vice \u00c2ngela Kilson, al\u00e9m da condena\u00e7\u00e3o do ex-prefeito Toninho Andrada. Os tr\u00eas s\u00e3o acusados de capta\u00e7\u00e3o il\u00edcita de votos nas elei\u00e7\u00f5es para prefeito de 2016. A sess\u00e3o come\u00e7ou nesta quarta-feira, 1\u00ba, no tribunal [&hellip;]<\/p>\n","protected":false},"author":96,"featured_media":95105,"comment_status":"closed","ping_status":"closed","sticky":false,"template":"","format":"standard","meta":{"footnotes":""},"categories":[252,439],"tags":[],"class_list":["post-113677","post","type-post","status-publish","format-standard","has-post-thumbnail","hentry","category-regiao","category-ultima-hora"],"_links":{"self":[{"href":"https:\/\/diarioregionaldigital.com.br\/index.php?rest_route=\/wp\/v2\/posts\/113677","targetHints":{"allow":["GET"]}}],"collection":[{"href":"https:\/\/diarioregionaldigital.com.br\/index.php?rest_route=\/wp\/v2\/posts"}],"about":[{"href":"https:\/\/diarioregionaldigital.com.br\/index.php?rest_route=\/wp\/v2\/types\/post"}],"author":[{"embeddable":true,"href":"https:\/\/diarioregionaldigital.com.br\/index.php?rest_route=\/wp\/v2\/users\/96"}],"replies":[{"embeddable":true,"href":"https:\/\/diarioregionaldigital.com.br\/index.php?rest_route=%2Fwp%2Fv2%2Fcomments&post=113677"}],"version-history":[{"count":0,"href":"https:\/\/diarioregionaldigital.com.br\/index.php?rest_route=\/wp\/v2\/posts\/113677\/revisions"}],"wp:featuredmedia":[{"embeddable":true,"href":"https:\/\/diarioregionaldigital.com.br\/index.php?rest_route=\/wp\/v2\/media\/95105"}],"wp:attachment":[{"href":"https:\/\/diarioregionaldigital.com.br\/index.php?rest_route=%2Fwp%2Fv2%2Fmedia&parent=113677"}],"wp:term":[{"taxonomy":"category","embeddable":true,"href":"https:\/\/diarioregionaldigital.com.br\/index.php?rest_route=%2Fwp%2Fv2%2Fcategories&post=113677"},{"taxonomy":"post_tag","embeddable":true,"href":"https:\/\/diarioregionaldigital.com.br\/index.php?rest_route=%2Fwp%2Fv2%2Ftags&post=113677"}],"curies":[{"name":"wp","href":"https:\/\/api.w.org\/{rel}","templated":true}]}}