{"id":113676,"date":"2018-08-02T09:32:27","date_gmt":"2018-08-02T12:32:27","guid":{"rendered":"http:\/\/diarioregionaljf.com.br\/?p=113676"},"modified":"2018-08-02T09:32:27","modified_gmt":"2018-08-02T12:32:27","slug":"joao-xxiii-abre-inscricoes-gratuitas-no-ensino-medio-para-jovens-e-adultos","status":"publish","type":"post","link":"https:\/\/diarioregionaldigital.com.br\/?p=113676","title":{"rendered":"Jo\u00e3o XXIII abre inscri\u00e7\u00f5es gratuitas no Ensino M\u00e9dio para Jovens e Adultos"},"content":{"rendered":"<div id=\"gmail-pagetitle\" class=\"gmail-pagetitle\">\n<div class=\"gmail-container\">\n<p class=\"gmail-pagetitle-title\">O Col\u00e9gio de Aplica\u00e7\u00e3o Jo\u00e3o XXIII, da Universidade Federal de Juiz de Fora (UFJF), est\u00e1 com inscri\u00e7\u00f5es abertas para 19 vagas remanescentes para a Educa\u00e7\u00e3o de Jovens e Adultos (EJA), referentes ao segundo semestre do ano letivo de 2018. As vagas s\u00e3o para o ensino m\u00e9dio (quatro para segundo ano e 15 vagas para o terceiro ano).<\/p>\n<\/div>\n<\/div>\n<div class=\"gmail-post-content\">\n<p>As inscri\u00e7\u00f5es devem ser realizadas at\u00e9 \u00e0s 18h30 de segunda-feira, 6, na secretaria do Col\u00e9gio.<\/p>\n<p>As vagas ser\u00e3o preenchidas por sorteio p\u00fablico, no dia 6 de agosto, \u00e0s 19h, no anfiteatro do Ensino Fundamental. N\u00e3o ser\u00e1 exigida a presen\u00e7a de um representante do candidato no local e hor\u00e1rio do sorteio. O resultado ser\u00e1 divulgado no site do Col\u00e9gio de Aplica\u00e7\u00e3o Jo\u00e3o XXIII (<a href=\"http:\/\/www.joaoxxiii.ufjf.br\/\" target=\"_blank\" rel=\"noopener noreferrer\">www.joaoxxiii.ufjf.br<\/a>) e no mural da escola, pr\u00f3ximo \u00e0 secretaria, a partir das 10h de ter\u00e7a-feira, 7.<\/p>\n<p>Al\u00e9m das 19 vagas, outras dez suplentes ser\u00e3o sorteadas para cada ano escolar, em casos de desist\u00eancia, perda de prazo ou n\u00e3o preenchimento dos requisitos exigidos para matr\u00edcula por parte de algum dos sorteados.<\/p>\n<p><em>Fonte: UFJF<\/em><\/p>\n<\/div>\n","protected":false},"excerpt":{"rendered":"<p>O Col\u00e9gio de Aplica\u00e7\u00e3o Jo\u00e3o XXIII, da Universidade Federal de Juiz de Fora (UFJF), est\u00e1 com inscri\u00e7\u00f5es abertas para 19 vagas remanescentes para a Educa\u00e7\u00e3o de Jovens e Adultos (EJA), referentes ao segundo semestre do ano letivo de 2018. As vagas s\u00e3o para o ensino m\u00e9dio (quatro para segundo ano e 15 vagas para o [&hellip;]<\/p>\n","protected":false},"author":96,"featured_media":0,"comment_status":"closed","ping_status":"closed","sticky":false,"template":"","format":"standard","meta":{"footnotes":""},"categories":[253,439],"tags":[],"class_list":["post-113676","post","type-post","status-publish","format-standard","hentry","category-cidade","category-ultima-hora"],"_links":{"self":[{"href":"https:\/\/diarioregionaldigital.com.br\/index.php?rest_route=\/wp\/v2\/posts\/113676","targetHints":{"allow":["GET"]}}],"collection":[{"href":"https:\/\/diarioregionaldigital.com.br\/index.php?rest_route=\/wp\/v2\/posts"}],"about":[{"href":"https:\/\/diarioregionaldigital.com.br\/index.php?rest_route=\/wp\/v2\/types\/post"}],"author":[{"embeddable":true,"href":"https:\/\/diarioregionaldigital.com.br\/index.php?rest_route=\/wp\/v2\/users\/96"}],"replies":[{"embeddable":true,"href":"https:\/\/diarioregionaldigital.com.br\/index.php?rest_route=%2Fwp%2Fv2%2Fcomments&post=113676"}],"version-history":[{"count":0,"href":"https:\/\/diarioregionaldigital.com.br\/index.php?rest_route=\/wp\/v2\/posts\/113676\/revisions"}],"wp:attachment":[{"href":"https:\/\/diarioregionaldigital.com.br\/index.php?rest_route=%2Fwp%2Fv2%2Fmedia&parent=113676"}],"wp:term":[{"taxonomy":"category","embeddable":true,"href":"https:\/\/diarioregionaldigital.com.br\/index.php?rest_route=%2Fwp%2Fv2%2Fcategories&post=113676"},{"taxonomy":"post_tag","embeddable":true,"href":"https:\/\/diarioregionaldigital.com.br\/index.php?rest_route=%2Fwp%2Fv2%2Ftags&post=113676"}],"curies":[{"name":"wp","href":"https:\/\/api.w.org\/{rel}","templated":true}]}}