{"id":113665,"date":"2018-08-02T09:16:16","date_gmt":"2018-08-02T12:16:16","guid":{"rendered":"http:\/\/diarioregionaljf.com.br\/?p=113665"},"modified":"2018-08-02T09:16:16","modified_gmt":"2018-08-02T12:16:16","slug":"senado-tem-primeira-mulher-na-funcao-de-pregoeira-a-partir-desta-quarta","status":"publish","type":"post","link":"https:\/\/diarioregionaldigital.com.br\/?p=113665","title":{"rendered":"Senado tem primeira mulher na fun\u00e7\u00e3o de pregoeira a partir desta quarta"},"content":{"rendered":"<p>Nessa quarta-feira, 1\u00ba, a servidora Paula Parente Cantuaria Ramos passou a fazer parte da equipe de pregoeiros do Senado. Ela \u00e9 a primeira mulher a trabalhar no setor, respons\u00e1vel pela condu\u00e7\u00e3o dos processos licitat\u00f3rios da Casa. Chefe do Servi\u00e7o de Apoio Administrativo da Comiss\u00e3o Permanente de Licita\u00e7\u00e3o (Copeli), Paula Ramos afirma que ser a primeira mulher na fun\u00e7\u00e3o mostra que a Dire\u00e7\u00e3o-Geral do Senado v\u00ea com maior aten\u00e7\u00e3o a quest\u00e3o da equidade.<\/p>\n<p>Pregoeiro \u00e9 o servidor respons\u00e1vel pela condu\u00e7\u00e3o do certame licitat\u00f3rio, seguindo os crit\u00e9rios definidos no edital para encontrar a proposta mais vantajosa para a Administra\u00e7\u00e3o P\u00fablica, mantendo sempre a isonomia entre os licitantes e a transpar\u00eancia.<\/p>\n<p>\u2014 Hoje, quase todas as contrata\u00e7\u00f5es do Senado s\u00e3o realizadas por preg\u00e3o eletr\u00f4nico. O pregoeiro abre o preg\u00e3o, v\u00ea as propostas existentes e inicia a fase de lances. Depois realiza a habilita\u00e7\u00e3o das empresas, verifica documenta\u00e7\u00e3o, at\u00e9 adjudicar o objeto da licita\u00e7\u00e3o ao vencedor \u2014 resume.<\/p>\n<p>Para ser um pregoeiro, o servidor deve ter conhecimentos na \u00e1rea de direito administrativo, especialmente sobre licita\u00e7\u00f5es e contratos. De acordo com Paula Ramos, esse \u00e9 um trabalho que tamb\u00e9m exige responsabilidade e aten\u00e7\u00e3o. Al\u00e9m de capacidade de negocia\u00e7\u00e3o, temperamento equilibrado e sensato para lidar com as diversas situa\u00e7\u00f5es de conflito que surgem durante o processo.<\/p>\n<p>&nbsp;<\/p>\n<p>Fonte: Ag\u00eancia Senado<\/p>\n","protected":false},"excerpt":{"rendered":"<p>Nessa quarta-feira, 1\u00ba, a servidora Paula Parente Cantuaria Ramos passou a fazer parte da equipe de pregoeiros do Senado. Ela \u00e9 a primeira mulher a trabalhar no setor, respons\u00e1vel pela condu\u00e7\u00e3o dos processos licitat\u00f3rios da Casa. Chefe do Servi\u00e7o de Apoio Administrativo da Comiss\u00e3o Permanente de Licita\u00e7\u00e3o (Copeli), Paula Ramos afirma que ser a primeira [&hellip;]<\/p>\n","protected":false},"author":96,"featured_media":113666,"comment_status":"closed","ping_status":"closed","sticky":false,"template":"","format":"standard","meta":{"footnotes":""},"categories":[254,439],"tags":[],"class_list":["post-113665","post","type-post","status-publish","format-standard","has-post-thumbnail","hentry","category-politica","category-ultima-hora"],"_links":{"self":[{"href":"https:\/\/diarioregionaldigital.com.br\/index.php?rest_route=\/wp\/v2\/posts\/113665","targetHints":{"allow":["GET"]}}],"collection":[{"href":"https:\/\/diarioregionaldigital.com.br\/index.php?rest_route=\/wp\/v2\/posts"}],"about":[{"href":"https:\/\/diarioregionaldigital.com.br\/index.php?rest_route=\/wp\/v2\/types\/post"}],"author":[{"embeddable":true,"href":"https:\/\/diarioregionaldigital.com.br\/index.php?rest_route=\/wp\/v2\/users\/96"}],"replies":[{"embeddable":true,"href":"https:\/\/diarioregionaldigital.com.br\/index.php?rest_route=%2Fwp%2Fv2%2Fcomments&post=113665"}],"version-history":[{"count":0,"href":"https:\/\/diarioregionaldigital.com.br\/index.php?rest_route=\/wp\/v2\/posts\/113665\/revisions"}],"wp:featuredmedia":[{"embeddable":true,"href":"https:\/\/diarioregionaldigital.com.br\/index.php?rest_route=\/wp\/v2\/media\/113666"}],"wp:attachment":[{"href":"https:\/\/diarioregionaldigital.com.br\/index.php?rest_route=%2Fwp%2Fv2%2Fmedia&parent=113665"}],"wp:term":[{"taxonomy":"category","embeddable":true,"href":"https:\/\/diarioregionaldigital.com.br\/index.php?rest_route=%2Fwp%2Fv2%2Fcategories&post=113665"},{"taxonomy":"post_tag","embeddable":true,"href":"https:\/\/diarioregionaldigital.com.br\/index.php?rest_route=%2Fwp%2Fv2%2Ftags&post=113665"}],"curies":[{"name":"wp","href":"https:\/\/api.w.org\/{rel}","templated":true}]}}