{"id":113662,"date":"2018-08-02T09:11:41","date_gmt":"2018-08-02T12:11:41","guid":{"rendered":"http:\/\/diarioregionaljf.com.br\/?p=113662"},"modified":"2018-08-02T09:11:41","modified_gmt":"2018-08-02T12:11:41","slug":"jovem-sofre-lesao-apos-assalto-no-centro-de-jf","status":"publish","type":"post","link":"https:\/\/diarioregionaldigital.com.br\/?p=113662","title":{"rendered":"Jovem sofre les\u00e3o ap\u00f3s assalto no Centro de JF"},"content":{"rendered":"<p>Um homem de 26 anos foi assaltado na Rua Jos\u00e9 Calil Ahouagi, pr\u00f3ximo \u00e0 linha do trem, na manh\u00e3 dessa quarta-feira, 02, no Centro de Juiz de Fora. O criminoso deu uma facada na parte superior do pesco\u00e7o da v\u00edtima, causando uma leve les\u00e3o na \u00e1rea. Al\u00e9m da agress\u00e3o, o jovem tamb\u00e9m teve o celular roubado.<\/p>\n<p>A Pol\u00edcia Militar conseguiu localizar e prender o autor, um homem de 28 anos. O celular, por\u00e9m, n\u00e3o foi recuperado.<\/p>\n","protected":false},"excerpt":{"rendered":"<p>Um homem de 26 anos foi assaltado na Rua Jos\u00e9 Calil Ahouagi, pr\u00f3ximo \u00e0 linha do trem, na manh\u00e3 dessa quarta-feira, 02, no Centro de Juiz de Fora. O criminoso deu uma facada na parte superior do pesco\u00e7o da v\u00edtima, causando uma leve les\u00e3o na \u00e1rea. Al\u00e9m da agress\u00e3o, o jovem tamb\u00e9m teve o celular [&hellip;]<\/p>\n","protected":false},"author":96,"featured_media":95836,"comment_status":"closed","ping_status":"closed","sticky":false,"template":"","format":"standard","meta":{"footnotes":""},"categories":[301],"tags":[],"class_list":["post-113662","post","type-post","status-publish","format-standard","has-post-thumbnail","hentry","category-artigos-policiais"],"_links":{"self":[{"href":"https:\/\/diarioregionaldigital.com.br\/index.php?rest_route=\/wp\/v2\/posts\/113662","targetHints":{"allow":["GET"]}}],"collection":[{"href":"https:\/\/diarioregionaldigital.com.br\/index.php?rest_route=\/wp\/v2\/posts"}],"about":[{"href":"https:\/\/diarioregionaldigital.com.br\/index.php?rest_route=\/wp\/v2\/types\/post"}],"author":[{"embeddable":true,"href":"https:\/\/diarioregionaldigital.com.br\/index.php?rest_route=\/wp\/v2\/users\/96"}],"replies":[{"embeddable":true,"href":"https:\/\/diarioregionaldigital.com.br\/index.php?rest_route=%2Fwp%2Fv2%2Fcomments&post=113662"}],"version-history":[{"count":0,"href":"https:\/\/diarioregionaldigital.com.br\/index.php?rest_route=\/wp\/v2\/posts\/113662\/revisions"}],"wp:featuredmedia":[{"embeddable":true,"href":"https:\/\/diarioregionaldigital.com.br\/index.php?rest_route=\/wp\/v2\/media\/95836"}],"wp:attachment":[{"href":"https:\/\/diarioregionaldigital.com.br\/index.php?rest_route=%2Fwp%2Fv2%2Fmedia&parent=113662"}],"wp:term":[{"taxonomy":"category","embeddable":true,"href":"https:\/\/diarioregionaldigital.com.br\/index.php?rest_route=%2Fwp%2Fv2%2Fcategories&post=113662"},{"taxonomy":"post_tag","embeddable":true,"href":"https:\/\/diarioregionaldigital.com.br\/index.php?rest_route=%2Fwp%2Fv2%2Ftags&post=113662"}],"curies":[{"name":"wp","href":"https:\/\/api.w.org\/{rel}","templated":true}]}}