{"id":113638,"date":"2018-08-02T08:50:55","date_gmt":"2018-08-02T11:50:55","guid":{"rendered":"http:\/\/diarioregionaljf.com.br\/?p=113638"},"modified":"2018-08-02T08:59:02","modified_gmt":"2018-08-02T11:59:02","slug":"corpo-de-bombeiros-de-minas-gerais-abre-concurso-com-500-vagas","status":"publish","type":"post","link":"https:\/\/diarioregionaldigital.com.br\/?p=113638","title":{"rendered":"Corpo de Bombeiros de Minas Gerais abre concurso com 500 vagas"},"content":{"rendered":"<p>O Corpo de Bombeiros Militar de Minas Gerais abre concurso p\u00fablico regulado pelo edital n.\u00ba 13\/2018, destinado a selecionar candidatos para o curso de Forma\u00e7\u00e3o de Soldados Bombeiros Militar do Quadro de Pra\u00e7as (QP-BM) e do Quadro de Pra\u00e7as Especialistas (QPE-BM) para o ano de 2020.<\/p>\n<p>Os candidatos aprovados\u00a0na gradua\u00e7\u00e3o de soldado de 2\u00aa classe receber\u00e3o vencimento inicial de R$ 3.506,40. Para o cargo\u00a0de soldado de 1\u00aa Classe BM, a remunera\u00e7\u00e3o b\u00e1sica atual \u00e9 de R$ 4.098,42.\u00a0O Bombeiro Militar faz jus \u00e0 remunera\u00e7\u00e3o, abono fardamento, assist\u00eancia m\u00e9dico hospitalar, psicol\u00f3gica e odontol\u00f3gica.<\/p>\n<p>Ser\u00e3o ofertadas 500 vagas, sendo 465 vagas para o Curso de Forma\u00e7\u00e3o de Soldados Bombeiros Militares do QP-BM e 35 vagas para o Curso de Forma\u00e7\u00e3o de Soldados do Quadro de Pra\u00e7as Especialistas QPE-BM.<\/p>\n<p><strong>Distribui\u00e7\u00e3o das vagas:\u00a0\u00a0\u00a0\u00a0\u00a0\u00a0\u00a0 <\/strong><\/p>\n<p>Das 465 vagas para Soldados Bombeiros Militar do QP-BM, 418 \u00e9 para candidatos do sexo masculino e 47 para candidatos do sexo feminino.<\/p>\n<p>J\u00e1 para o Quadro de Pra\u00e7as Especialistas, s\u00e3o reservas 35 vagas, sendo distribu\u00eddas entre as \u00e1reas:<\/p>\n<p><strong>Motomecaniza\u00e7\u00e3o: <\/strong>especialidade de\u00a0Mec\u00e2nica Leve (4); Mec\u00e2nico &#8211; motor a diesel (4); Eletricista de Autos (2);<\/p>\n<p><strong>Sa\u00fade:\u00a0<\/strong>especialidade de\u00a0T\u00e9cnico em enfermagem (14); T\u00e9cnico em Sa\u00fade Bucal (6);<\/p>\n<p><strong>Comunica\u00e7\u00f5es:\u00a0<\/strong>especialidade\u00a0t\u00e9cnica em inform\u00e1tica\/ Rede\u00a0de computadores (3); T\u00e9cnico em Telecomunica\u00e7\u00f5es (2).<\/p>\n<p><strong>Inscri\u00e7\u00f5es<\/strong><\/p>\n<p>As inscri\u00e7\u00f5es ser\u00e3o aceitas no per\u00edodo de 9h do dia 1\u00ba de outubro at\u00e9 \u00e1s 19h do dia 27 de novembro de 2018, via internet, atrav\u00e9s do endere\u00e7o eletr\u00f4nico www.gestaodeconcursos.com.br. O valor da inscri\u00e7\u00e3o \u00e9 de R$ 81,96.<\/p>\n<p><strong>Condi\u00e7\u00f5es para ingresso<\/strong><\/p>\n<p><strong>Condi\u00e7\u00f5es para ingresso<\/strong><\/p>\n<ul>\n<li>Ser brasileiro nato ou naturalizado.<\/li>\n<li>Possuir idoneidade moral.<\/li>\n<li>Estar quite com as obriga\u00e7\u00f5es eleitorais e militares.<\/li>\n<li>Ter entre 18 anos e 30 anos de idade na data de inclus\u00e3o, ou seja, em 20 de janeiro de 2020, o que implica aos candidatos terem nascido entre 20\/01\/1990 e 20\/01\/2002.<\/li>\n<li>Ter, no m\u00ednimo, o ensino m\u00e9dio completo ou equivalente at\u00e9 a data de inclus\u00e3o, ou seja, em 20 de janeiro de 2020.<\/li>\n<li>Para os candidatos ao Quadro de Especialistas, al\u00e9m do ensino m\u00e9dio, dever\u00e1 tamb\u00e9m possuir curso t\u00e9cnico na \u00e1rea da especialidade a qual concorre, fornecido por institui\u00e7\u00e3o de ensino oficial, devidamente reconhecida ou autorizada pelo \u00f3rg\u00e3o governamental competente.<\/li>\n<li>Os candidatos da \u00e1rea da Sa\u00fade dever\u00e3o estar inscritos no respectivo Conselho na fun\u00e7\u00e3o para a qual concorrem.<\/li>\n<li>Ter altura m\u00ednima de 1,60 m (um metro e sessenta cent\u00edmetros).<\/li>\n<li>Ter aptid\u00e3o f\u00edsica.<\/li>\n<li>Ser aprovado em avalia\u00e7\u00e3o psicol\u00f3gica e toxicol\u00f3gica.<\/li>\n<li>Ter sanidade f\u00edsica e mental.<\/li>\n<li>N\u00e3o apresentar, quando em uso dos diversos uniformes, tatuagem vis\u00edvel que seja, por seu significado, incompat\u00edvel com o exerc\u00edcio das atividades de bombeiro militar ou que pelo seu significado viole lei e a ordem, tal como as que discriminem grupos por sua cor, origem, credo, sexo, orienta\u00e7\u00e3o sexual ou que incitem o consumo de drogas ou a pr\u00e1tica de crimes.<\/li>\n<li>N\u00e3o ter dado baixa por \u201cmau comportamento\u201d ou conceito incompat\u00edvel, nos termos do Regulamento Disciplinar de outra institui\u00e7\u00e3o militar estadual ou das For\u00e7as Armadas.<\/li>\n<li>N\u00e3o ter dado baixa no conceito \u201cC\u201d na vig\u00eancia do C\u00f3digo de \u00c9tica e Disciplina dos Militares do Estado de Minas Gerais.<\/li>\n<li>N\u00e3o ter sido exonerado ou demitido da PMMG ou do CBMMG, com base no art. 146, incisos II, III, IV ou V, letra \u201ca\u201d e caput do art. 147, da Lei N\u00ba 5.301, de 16\/10\/1969.<\/li>\n<\/ul>\n<p><strong>Provas<\/strong><\/p>\n<p>1\u00ba Fase: composta por\u00a0prova escrita objetiva e reda\u00e7\u00e3o, que ser\u00e1 aplicada na data prov\u00e1vel de\u00a020 de janeiro de 2019, \u00e0s 13h;<\/p>\n<p>2\u00ba Fase:\u00a0exames m\u00e9dios preliminares e complementares, teste psicol\u00f3gico, prova te\u00f3rica\/pr\u00e1tica;<\/p>\n<p>3\u00ba Fase: teste de capacita\u00e7\u00e3o f\u00edsica e habilidades natat\u00f3rias;<\/p>\n<p>4\u00ba Fase: exame toxicol\u00f3gico.<\/p>\n<p><strong>Validade<\/strong><\/p>\n<p>O concurso ter\u00e1 validade de 30 dias, prorrog\u00e1veis por igual per\u00edodo, contados a partir da data da publica\u00e7\u00e3o do resultado final e convoca\u00e7\u00e3o para matr\u00edcula.<\/p>\n<p>&nbsp;<\/p>\n<p>&nbsp;<\/p>\n<p>Fonte: Concursos Brasil<\/p>\n","protected":false},"excerpt":{"rendered":"<p>O Corpo de Bombeiros Militar de Minas Gerais abre concurso p\u00fablico regulado pelo edital n.\u00ba 13\/2018, destinado a selecionar candidatos para o curso de Forma\u00e7\u00e3o de Soldados Bombeiros Militar do Quadro de Pra\u00e7as (QP-BM) e do Quadro de Pra\u00e7as Especialistas (QPE-BM) para o ano de 2020. Os candidatos aprovados\u00a0na gradua\u00e7\u00e3o de soldado de 2\u00aa classe [&hellip;]<\/p>\n","protected":false},"author":96,"featured_media":113649,"comment_status":"closed","ping_status":"closed","sticky":false,"template":"","format":"standard","meta":{"footnotes":""},"categories":[280,436,439],"tags":[],"class_list":["post-113638","post","type-post","status-publish","format-standard","has-post-thumbnail","hentry","category-concurso","category-destaque-da-semana","category-ultima-hora"],"_links":{"self":[{"href":"https:\/\/diarioregionaldigital.com.br\/index.php?rest_route=\/wp\/v2\/posts\/113638","targetHints":{"allow":["GET"]}}],"collection":[{"href":"https:\/\/diarioregionaldigital.com.br\/index.php?rest_route=\/wp\/v2\/posts"}],"about":[{"href":"https:\/\/diarioregionaldigital.com.br\/index.php?rest_route=\/wp\/v2\/types\/post"}],"author":[{"embeddable":true,"href":"https:\/\/diarioregionaldigital.com.br\/index.php?rest_route=\/wp\/v2\/users\/96"}],"replies":[{"embeddable":true,"href":"https:\/\/diarioregionaldigital.com.br\/index.php?rest_route=%2Fwp%2Fv2%2Fcomments&post=113638"}],"version-history":[{"count":0,"href":"https:\/\/diarioregionaldigital.com.br\/index.php?rest_route=\/wp\/v2\/posts\/113638\/revisions"}],"wp:featuredmedia":[{"embeddable":true,"href":"https:\/\/diarioregionaldigital.com.br\/index.php?rest_route=\/wp\/v2\/media\/113649"}],"wp:attachment":[{"href":"https:\/\/diarioregionaldigital.com.br\/index.php?rest_route=%2Fwp%2Fv2%2Fmedia&parent=113638"}],"wp:term":[{"taxonomy":"category","embeddable":true,"href":"https:\/\/diarioregionaldigital.com.br\/index.php?rest_route=%2Fwp%2Fv2%2Fcategories&post=113638"},{"taxonomy":"post_tag","embeddable":true,"href":"https:\/\/diarioregionaldigital.com.br\/index.php?rest_route=%2Fwp%2Fv2%2Ftags&post=113638"}],"curies":[{"name":"wp","href":"https:\/\/api.w.org\/{rel}","templated":true}]}}