{"id":113475,"date":"2018-07-31T20:52:41","date_gmt":"2018-07-31T23:52:41","guid":{"rendered":"http:\/\/diarioregionaljf.com.br\/?p=113475"},"modified":"2018-07-31T21:05:58","modified_gmt":"2018-08-01T00:05:58","slug":"aerofest-um-brinde-a-jf-sera-realizado-neste-final-de-semana-com-programacao-especial","status":"publish","type":"post","link":"https:\/\/diarioregionaldigital.com.br\/?p=113475","title":{"rendered":"\u201cAerofest \u2013 Um brinde a JF\u201d ser\u00e1 realizado neste final de semana com programa\u00e7\u00e3o especial"},"content":{"rendered":"<p>Uma coletiva foi dada \u00e0 imprensa, organizada pela Prefeitura de Juiz de Fora (PJF), nessa ter\u00e7a-feira,31, para esclarecer detalhessobre o evento \u201cAerofest- Um brinde a JF\u201d, que est\u00e1 previsto para ocorrer neste fim de semana, nos dias 4 e 5 de agosto. A festividade, tendo como patrocinadores e parceiros o Aeroclube e a Associa\u00e7\u00e3o de Modelismo (Ajam), ser\u00e1 realizada no Aeroporto Municipal \u201cFrancisco \u00c1lvares de Assis\u201d (Serrinha).O evento \u00e9 gratuito, funcionando das 9h at\u00e9 as 22h, no s\u00e1bado, e de 9h at\u00e9 \u00e0s 21h, no domingo.<\/p>\n<p>&nbsp;<\/p>\n<p>Como forma de celebra\u00e7\u00e3o aos 168 anos da \u201cprincesinha de Minas Gerais\u201d, os 80 do Aeroclube e os 40 da Ajam,a popula\u00e7\u00e3o contar\u00e1 com diversas atra\u00e7\u00f5es no fim de semana como, cervejas artesanais, \u00e1rea de alimenta\u00e7\u00e3o, shows de cantores locais, exposi\u00e7\u00e3o de aeromodelos, feira de artesanais, al\u00e9m da apresenta\u00e7\u00e3o da esquadrilha da Fuma\u00e7a que est\u00e1 confirmada para o dia 5, domingo, \u00e0s 16h, tendo 35 minutos de apresenta\u00e7\u00e3o no c\u00e9u.<\/p>\n<p>&nbsp;<\/p>\n<p>Segundo, Marcos Miranda, secret\u00e1rio de Desenvolvimento Econ\u00f4mico, Trabalho e Turismo (SEDETTUR), a festa foi organizada juntamente com a Secretaria de Transporte e Tr\u00e2nsito (SETTRA) e est\u00e1 sendo tratada de uma maneira bem diferenciada, de forma que atenda toda a popula\u00e7\u00e3o.A expectativa de p\u00fablico ao longo do fim de semana \u00e9 de 10 mil pessoas. \u201cVai ter muitas atra\u00e7\u00f5es para o p\u00fablico. A primeira atra\u00e7\u00e3o s\u00e3o as cervejarias artesanais de Juiz de Fora. O pr\u00f3prio Aeroclube vai estar l\u00e1 com seus voos panor\u00e2micos, as aeronaves antigas v\u00e3o estar expostas e, finalizando a grande festa, teremos a apresenta\u00e7\u00e3o da esquadrilha da Fuma\u00e7a, no domingo. \u00c9 um grande momento do munic\u00edpio para comemorar os 168 anos de Juiz de Fora, os 80 do Aeroclube e 40 anos da Ajam, e n\u00e3o poderia ser nada menor do que isso\u201d, explica o secret\u00e1rio.<\/p>\n<p>&nbsp;<\/p>\n<p>Outro destaque \u00e9 a forma como o tr\u00e2nsito ir\u00e1 trabalhar durante todo o final de semana. As ruas Av. Eug\u00eanio do Nascimento, Liduino Vieira dos Reis e Jos\u00e9 Apol\u00f4nio dos Reis, ter\u00e3o sentido \u00fanico para quem vai em dire\u00e7\u00e3o ao est\u00e1dio, formando uma rotat\u00f3ria para os ve\u00edculos. J\u00e1 na Avenida Pref. Mello Reis, o acesso s\u00f3 vai estar dispon\u00edvel para \u00f4nibus, t\u00e1xi e ambul\u00e2ncia. O estacionamento dos carros particulares ir\u00e1 ocorrer no Est\u00e1dio Municipal, da mesma forma que em dias de jogos.<\/p>\n<p>&nbsp;<\/p>\n<p>Al\u00e9m da mudan\u00e7a no tr\u00e2nsito, a Settra disponibilizar\u00e1 \u00e0 popula\u00e7\u00e3o dois \u00f4nibus gratuitos no s\u00e1bado, e quatro, no domingo. O embarque ser\u00e1 feito na Rua Jos\u00e9 Apol\u00f4nio dos Reis, indo at\u00e9 a rotat\u00f3ria da Rua das Margaridas.Os transportes privados por aplicativos ir\u00e3o ter uma \u00e1rea destinada isolada na Rua Jos\u00e9 Apol\u00f4nio dos Reis.<\/p>\n<p>&nbsp;<\/p>\n<p>Outros dois carros ser\u00e3o inclu\u00eddos na Avenida Itamar Franco, no s\u00e1bado, a partir das 11h, e mais seis a partir das 13h, em frente ao Procom. J\u00e1 no domingo, ser\u00e3o seis carros inclusos na rota e, depois das 13h, mais 16 ve\u00edculos, totalizando o aumento de vinte e dois ve\u00edculos. Estes \u00f4nibus n\u00e3o ser\u00e3o oferecidos gratuitamente.<\/p>\n<p>&nbsp;<\/p>\n<p>De acordo com secret\u00e1rio da Settra, Rodrigo Mata Tortoriello, as mudan\u00e7as foram feitas na tentativa de n\u00e3o causar transtornos na regi\u00e3o, j\u00e1 que \u00e9 esperada uma grande movimenta\u00e7\u00e3o de pessoas e ve\u00edculos no local. O destaque \u00e9 que, pela primeira vez, transportes urbanos ser\u00e3o oferecidos gratuitamente como forma de facilitar a ida dos juiz-foranos \u00e0 festividade. \u201cAs pessoas podem pegar o seu aplicativo ou at\u00e9 mesmo chegar at\u00e9 o local a p\u00e9. N\u00f3s damos a op\u00e7\u00e3o da popula\u00e7\u00e3o pegar o \u00f4nibus gratuito tamb\u00e9m, que estar\u00e1 passando de 10 em 10 minutos, indo at\u00e9 o aeroporto. A pessoa participa do evento e ter\u00e1 o mesmo \u00f4nibus para regressar para o mesmo local. Dali ela pode pegar um transporte coletivo ou pegar o seu ve\u00edculo e retornarpra casa\u201d, contou Tortoriello.<\/p>\n<p>&nbsp;<\/p>\n<p>O evento contar\u00e1 com uma grande equipe para ajudar na fiscaliza\u00e7\u00e3o do tr\u00e2nsito, al\u00e9m de prevalecer a fiscaliza\u00e7\u00e3o da Lei Seca.<\/p>\n<p>&nbsp;<\/p>\n<hr \/>\n<p style=\"text-align: center;\"><span style=\"font-size: 18pt;\"><strong>Programa\u00e7\u00e3o<\/strong><\/span><\/p>\n<p><img loading=\"lazy\" decoding=\"async\" class=\"aligncenter wp-image-113479 size-full\" src=\"http:\/\/diarioregionaljf.com.br\/wp-content\/uploads\/2018\/07\/programacaoaerofest.jpeg\" alt=\"\" width=\"600\" height=\"1145\" srcset=\"https:\/\/diarioregionaldigital.com.br\/wp-content\/uploads\/2018\/07\/programacaoaerofest.jpeg 600w, https:\/\/diarioregionaldigital.com.br\/wp-content\/uploads\/2018\/07\/programacaoaerofest-157x300.jpeg 157w, https:\/\/diarioregionaldigital.com.br\/wp-content\/uploads\/2018\/07\/programacaoaerofest-537x1024.jpeg 537w, https:\/\/diarioregionaldigital.com.br\/wp-content\/uploads\/2018\/07\/programacaoaerofest-360x687.jpeg 360w\" sizes=\"auto, (max-width: 600px) 100vw, 600px\" \/><\/p>\n<hr \/>\n<p style=\"text-align: center;\"><span style=\"font-size: 18pt;\"><strong>MAPA<\/strong><\/span><\/p>\n<p><img loading=\"lazy\" decoding=\"async\" class=\"aligncenter wp-image-113480 size-full\" src=\"http:\/\/diarioregionaljf.com.br\/wp-content\/uploads\/2018\/07\/Circ.-086-Aerofest-Juiz-de-Fora-05-e-05-de-julho-MAPA.jpg\" alt=\"\" width=\"3309\" height=\"2339\" srcset=\"https:\/\/diarioregionaldigital.com.br\/wp-content\/uploads\/2018\/07\/Circ.-086-Aerofest-Juiz-de-Fora-05-e-05-de-julho-MAPA.jpg 3309w, https:\/\/diarioregionaldigital.com.br\/wp-content\/uploads\/2018\/07\/Circ.-086-Aerofest-Juiz-de-Fora-05-e-05-de-julho-MAPA-300x212.jpg 300w, https:\/\/diarioregionaldigital.com.br\/wp-content\/uploads\/2018\/07\/Circ.-086-Aerofest-Juiz-de-Fora-05-e-05-de-julho-MAPA-768x543.jpg 768w, https:\/\/diarioregionaldigital.com.br\/wp-content\/uploads\/2018\/07\/Circ.-086-Aerofest-Juiz-de-Fora-05-e-05-de-julho-MAPA-1024x724.jpg 1024w, https:\/\/diarioregionaldigital.com.br\/wp-content\/uploads\/2018\/07\/Circ.-086-Aerofest-Juiz-de-Fora-05-e-05-de-julho-MAPA-750x530.jpg 750w, https:\/\/diarioregionaldigital.com.br\/wp-content\/uploads\/2018\/07\/Circ.-086-Aerofest-Juiz-de-Fora-05-e-05-de-julho-MAPA-360x254.jpg 360w, https:\/\/diarioregionaldigital.com.br\/wp-content\/uploads\/2018\/07\/Circ.-086-Aerofest-Juiz-de-Fora-05-e-05-de-julho-MAPA-100x70.jpg 100w\" sizes=\"auto, (max-width: 3309px) 100vw, 3309px\" \/><\/p>\n<p>&nbsp;<\/p>\n<p>&nbsp;<\/p>\n<p>&nbsp;<\/p>\n<p>&nbsp;<\/p>\n<p>&nbsp;<\/p>\n<p>&nbsp;<\/p>\n","protected":false},"excerpt":{"rendered":"<p>Uma coletiva foi dada \u00e0 imprensa, organizada pela Prefeitura de Juiz de Fora (PJF), nessa ter\u00e7a-feira,31, para esclarecer detalhessobre o evento \u201cAerofest- Um brinde a JF\u201d, que est\u00e1 previsto para ocorrer neste fim de semana, nos dias 4 e 5 de agosto. A festividade, tendo como patrocinadores e parceiros o Aeroclube e a Associa\u00e7\u00e3o de [&hellip;]<\/p>\n","protected":false},"author":96,"featured_media":113472,"comment_status":"closed","ping_status":"closed","sticky":false,"template":"","format":"standard","meta":{"footnotes":""},"categories":[253,440,439],"tags":[],"class_list":["post-113475","post","type-post","status-publish","format-standard","has-post-thumbnail","hentry","category-cidade","category-destaques-do-dia","category-ultima-hora"],"_links":{"self":[{"href":"https:\/\/diarioregionaldigital.com.br\/index.php?rest_route=\/wp\/v2\/posts\/113475","targetHints":{"allow":["GET"]}}],"collection":[{"href":"https:\/\/diarioregionaldigital.com.br\/index.php?rest_route=\/wp\/v2\/posts"}],"about":[{"href":"https:\/\/diarioregionaldigital.com.br\/index.php?rest_route=\/wp\/v2\/types\/post"}],"author":[{"embeddable":true,"href":"https:\/\/diarioregionaldigital.com.br\/index.php?rest_route=\/wp\/v2\/users\/96"}],"replies":[{"embeddable":true,"href":"https:\/\/diarioregionaldigital.com.br\/index.php?rest_route=%2Fwp%2Fv2%2Fcomments&post=113475"}],"version-history":[{"count":0,"href":"https:\/\/diarioregionaldigital.com.br\/index.php?rest_route=\/wp\/v2\/posts\/113475\/revisions"}],"wp:featuredmedia":[{"embeddable":true,"href":"https:\/\/diarioregionaldigital.com.br\/index.php?rest_route=\/wp\/v2\/media\/113472"}],"wp:attachment":[{"href":"https:\/\/diarioregionaldigital.com.br\/index.php?rest_route=%2Fwp%2Fv2%2Fmedia&parent=113475"}],"wp:term":[{"taxonomy":"category","embeddable":true,"href":"https:\/\/diarioregionaldigital.com.br\/index.php?rest_route=%2Fwp%2Fv2%2Fcategories&post=113475"},{"taxonomy":"post_tag","embeddable":true,"href":"https:\/\/diarioregionaldigital.com.br\/index.php?rest_route=%2Fwp%2Fv2%2Ftags&post=113475"}],"curies":[{"name":"wp","href":"https:\/\/api.w.org\/{rel}","templated":true}]}}