{"id":113445,"date":"2018-07-31T20:04:07","date_gmt":"2018-07-31T23:04:07","guid":{"rendered":"http:\/\/diarioregionaljf.com.br\/?p=113445"},"modified":"2018-07-31T20:04:07","modified_gmt":"2018-07-31T23:04:07","slug":"demlurb-retira-entulhos-descartados-na-avenida-ibitiguaia","status":"publish","type":"post","link":"https:\/\/diarioregionaldigital.com.br\/?p=113445","title":{"rendered":"Demlurb retira entulhos descartados na Avenida Ibitiguaia"},"content":{"rendered":"<p>Mais de 60 sacos de entulhos foram retirados pelo Departamento Municipal de Limpeza Urbana (Demlurb) na manh\u00e3 desta ter\u00e7a-feira, 31, ap\u00f3s terem sidos depositados irregularmente na cal\u00e7ada do c\u00f3rrego na Avenida Ibitiguaia, no Bairro Santa Luzia. Para executar o servi\u00e7o foram necess\u00e1rios um caminh\u00e3o e tr\u00eas servidores.<\/p>\n<p>O C\u00f3digo de Posturas do Munic\u00edpio pro\u00edbe e prev\u00ea puni\u00e7\u00f5es para qualquer a\u00e7\u00e3o que provoque sujeira ou preju\u00edzo \u00e0 qualidade dos espa\u00e7os p\u00fablicos. Caso os respons\u00e1veis por descarte irregular sejam flagrados pela fiscaliza\u00e7\u00e3o, ser\u00e3o autuados. A infra\u00e7\u00e3o \u00e9 considerada \u201cgrav\u00edssima\u201d, no valor de R$4.512,85. As den\u00fancias podem ser feitas nas regionais de fiscaliza\u00e7\u00e3o da Secretaria de Atividades Urbanas (SAU), pelos telefones:<\/p>\n<p>Centro 1: 3690-7709<\/p>\n<p>Centro 2: 3690-8379<\/p>\n<p>Sul: 3690-8304<\/p>\n<p>Sudeste: 3690-8377<\/p>\n<p>Leste: 2104-8402<\/p>\n<p>Oeste: 3690-8288<\/p>\n<p>Norte: 3690-7927<\/p>\n<p>Nordeste: 3690-7883<\/p>\n<p><b>Ecopontos<\/b><\/p>\n<p>A Prefeitura de Juiz de Fora (PJF) instalou dois ecopontos no munic\u00edpio, que recebem gratuitamente este tipo de res\u00edduos: restos da constru\u00e7\u00e3o civil, material recicl\u00e1vel, m\u00f3veis e eletrodom\u00e9sticos. Cada cidad\u00e3o pode entregar diariamente at\u00e9 um metro c\u00fabico de restos da constru\u00e7\u00e3o civil, o que equivale a dez embalagens de cem litros. O objetivo \u00e9 evitar que as pessoas descartem entulhos irregularmente nas vias da cidade.<\/p>\n<p>Os ecopontos funcionam de segunda a sexta-feira, das 8 \u00e0s 17 horas, e aos s\u00e1bados, das 8 \u00e0s 12 horas. Est\u00e3o localizados na Rua Diva Garcia, em frente ao n\u00famero 1.200, no Bairro Linhares, em frente ao estacionamento do Est\u00e1dio Municipal, em S\u00e3o Pedro. Outras informa\u00e7\u00f5es sobre os Ecopontos pelo telefone 3690-3500.<\/p>\n<p>&nbsp;<\/p>\n<p>Fonte: Assessoria\/PJF<\/p>\n","protected":false},"excerpt":{"rendered":"<p>Mais de 60 sacos de entulhos foram retirados pelo Departamento Municipal de Limpeza Urbana (Demlurb) na manh\u00e3 desta ter\u00e7a-feira, 31, ap\u00f3s terem sidos depositados irregularmente na cal\u00e7ada do c\u00f3rrego na Avenida Ibitiguaia, no Bairro Santa Luzia. Para executar o servi\u00e7o foram necess\u00e1rios um caminh\u00e3o e tr\u00eas servidores. O C\u00f3digo de Posturas do Munic\u00edpio pro\u00edbe e [&hellip;]<\/p>\n","protected":false},"author":96,"featured_media":113469,"comment_status":"closed","ping_status":"closed","sticky":false,"template":"","format":"standard","meta":{"footnotes":""},"categories":[253,436,439],"tags":[],"class_list":["post-113445","post","type-post","status-publish","format-standard","has-post-thumbnail","hentry","category-cidade","category-destaque-da-semana","category-ultima-hora"],"_links":{"self":[{"href":"https:\/\/diarioregionaldigital.com.br\/index.php?rest_route=\/wp\/v2\/posts\/113445","targetHints":{"allow":["GET"]}}],"collection":[{"href":"https:\/\/diarioregionaldigital.com.br\/index.php?rest_route=\/wp\/v2\/posts"}],"about":[{"href":"https:\/\/diarioregionaldigital.com.br\/index.php?rest_route=\/wp\/v2\/types\/post"}],"author":[{"embeddable":true,"href":"https:\/\/diarioregionaldigital.com.br\/index.php?rest_route=\/wp\/v2\/users\/96"}],"replies":[{"embeddable":true,"href":"https:\/\/diarioregionaldigital.com.br\/index.php?rest_route=%2Fwp%2Fv2%2Fcomments&post=113445"}],"version-history":[{"count":0,"href":"https:\/\/diarioregionaldigital.com.br\/index.php?rest_route=\/wp\/v2\/posts\/113445\/revisions"}],"wp:featuredmedia":[{"embeddable":true,"href":"https:\/\/diarioregionaldigital.com.br\/index.php?rest_route=\/wp\/v2\/media\/113469"}],"wp:attachment":[{"href":"https:\/\/diarioregionaldigital.com.br\/index.php?rest_route=%2Fwp%2Fv2%2Fmedia&parent=113445"}],"wp:term":[{"taxonomy":"category","embeddable":true,"href":"https:\/\/diarioregionaldigital.com.br\/index.php?rest_route=%2Fwp%2Fv2%2Fcategories&post=113445"},{"taxonomy":"post_tag","embeddable":true,"href":"https:\/\/diarioregionaldigital.com.br\/index.php?rest_route=%2Fwp%2Fv2%2Ftags&post=113445"}],"curies":[{"name":"wp","href":"https:\/\/api.w.org\/{rel}","templated":true}]}}