{"id":113442,"date":"2018-07-31T19:08:50","date_gmt":"2018-07-31T22:08:50","guid":{"rendered":"http:\/\/diarioregionaljf.com.br\/?p=113442"},"modified":"2018-07-31T19:08:50","modified_gmt":"2018-07-31T22:08:50","slug":"escolas-municipais-retomam-atividades-nesta-quarta-feira","status":"publish","type":"post","link":"https:\/\/diarioregionaldigital.com.br\/?p=113442","title":{"rendered":"Escolas municipais retomam atividades nesta quarta-feira"},"content":{"rendered":"<p>O segundo semestre letivo de 2018 da rede municipal de ensino tem in\u00edcio nesta quarta-feira, 1\u00ba de agosto, ap\u00f3s o per\u00edodo de f\u00e9rias escolares. Pais ou respons\u00e1veis devem ficar atentos no material necess\u00e1rio, uniformiza\u00e7\u00e3o e frequ\u00eancia \u00e0s aulas. A participa\u00e7\u00e3o ativa nas atividades pedag\u00f3gicas da crian\u00e7a e do adolescente \u00e9 um apoio importante e faz diferen\u00e7a no processo de desenvolvimento e aprendizado. Atualmente, a rede municipal conta com 102 escolas e atende cerca de 45 mil alunos.<\/p>\n<p>Neste 1\u00ba de agosto, tamb\u00e9m come\u00e7am as inscri\u00e7\u00f5es para o \u201cPasse F\u00e1cil Estudante\u201d. Para ter direito ao benef\u00edcio, o estudante precisa ter renda familiar de at\u00e9 dois sal\u00e1rios m\u00ednimos e residir a mais de um quil\u00f4metro da escola. Os pais ou respons\u00e1veis devem entregar vers\u00f5es originais e c\u00f3pias da documenta\u00e7\u00e3o necess\u00e1ria em qualquer unidade do Espa\u00e7o Cidad\u00e3o, das 8h \u00e0s 18 horas. O prazo para as inscri\u00e7\u00f5es vai at\u00e9 31 de agosto.<\/p>\n<p>&nbsp;<\/p>\n<p>Fonte: Assessoria\/PJF<\/p>\n","protected":false},"excerpt":{"rendered":"<p>O segundo semestre letivo de 2018 da rede municipal de ensino tem in\u00edcio nesta quarta-feira, 1\u00ba de agosto, ap\u00f3s o per\u00edodo de f\u00e9rias escolares. Pais ou respons\u00e1veis devem ficar atentos no material necess\u00e1rio, uniformiza\u00e7\u00e3o e frequ\u00eancia \u00e0s aulas. A participa\u00e7\u00e3o ativa nas atividades pedag\u00f3gicas da crian\u00e7a e do adolescente \u00e9 um apoio importante e faz [&hellip;]<\/p>\n","protected":false},"author":96,"featured_media":113443,"comment_status":"closed","ping_status":"closed","sticky":false,"template":"","format":"standard","meta":{"footnotes":""},"categories":[253,440,439],"tags":[],"class_list":["post-113442","post","type-post","status-publish","format-standard","has-post-thumbnail","hentry","category-cidade","category-destaques-do-dia","category-ultima-hora"],"_links":{"self":[{"href":"https:\/\/diarioregionaldigital.com.br\/index.php?rest_route=\/wp\/v2\/posts\/113442","targetHints":{"allow":["GET"]}}],"collection":[{"href":"https:\/\/diarioregionaldigital.com.br\/index.php?rest_route=\/wp\/v2\/posts"}],"about":[{"href":"https:\/\/diarioregionaldigital.com.br\/index.php?rest_route=\/wp\/v2\/types\/post"}],"author":[{"embeddable":true,"href":"https:\/\/diarioregionaldigital.com.br\/index.php?rest_route=\/wp\/v2\/users\/96"}],"replies":[{"embeddable":true,"href":"https:\/\/diarioregionaldigital.com.br\/index.php?rest_route=%2Fwp%2Fv2%2Fcomments&post=113442"}],"version-history":[{"count":0,"href":"https:\/\/diarioregionaldigital.com.br\/index.php?rest_route=\/wp\/v2\/posts\/113442\/revisions"}],"wp:featuredmedia":[{"embeddable":true,"href":"https:\/\/diarioregionaldigital.com.br\/index.php?rest_route=\/wp\/v2\/media\/113443"}],"wp:attachment":[{"href":"https:\/\/diarioregionaldigital.com.br\/index.php?rest_route=%2Fwp%2Fv2%2Fmedia&parent=113442"}],"wp:term":[{"taxonomy":"category","embeddable":true,"href":"https:\/\/diarioregionaldigital.com.br\/index.php?rest_route=%2Fwp%2Fv2%2Fcategories&post=113442"},{"taxonomy":"post_tag","embeddable":true,"href":"https:\/\/diarioregionaldigital.com.br\/index.php?rest_route=%2Fwp%2Fv2%2Ftags&post=113442"}],"curies":[{"name":"wp","href":"https:\/\/api.w.org\/{rel}","templated":true}]}}