{"id":113440,"date":"2018-08-01T06:00:07","date_gmt":"2018-08-01T09:00:07","guid":{"rendered":"http:\/\/diarioregionaljf.com.br\/?p=113440"},"modified":"2018-07-31T19:27:29","modified_gmt":"2018-07-31T22:27:29","slug":"mestre-sala-e-porta-bandeira","status":"publish","type":"post","link":"https:\/\/diarioregionaldigital.com.br\/?p=113440","title":{"rendered":"Mestre-Sala e Porta-Bandeira"},"content":{"rendered":"<p style=\"text-align: center;\"><strong>Minascon<\/strong><\/p>\n<p style=\"text-align: center;\">Juiz de Fora ser\u00e1 a refer\u00eancia da Constru\u00e7\u00e3o Civil e Pesada em Minas Gerais. Em 2018, a Zona da Mata sedia a 15\u00aa edi\u00e7\u00e3o do maior evento unificado da cadeia produtiva do setor em Minas Gerais, o Minascon, que acontece de 25 a 27 de setembro, no Trade Hotel. O evento leva ao empresariado mineiro e profissionais da \u00e1rea o que h\u00e1 de mais relevante no segmento e para o desenvolvimento da Constru\u00e7\u00e3o, como sustentabilidade, economia, legisla\u00e7\u00e3o, al\u00e9m de inova\u00e7\u00e3o, tecnologia e tend\u00eancias do setor.<\/p>\n<p style=\"text-align: center;\"><strong>Dim Dim<\/strong><\/p>\n<p style=\"text-align: center;\">As rela\u00e7\u00f5es comerciais e negociais em todo o mundo devem mudar completamente com a revolu\u00e7\u00e3o j\u00e1, em andamento, proporcionada pela chegada ao mercado do blockchain e das criptomoedas, como o bitcoin. Em agosto, o escrit\u00f3rio de advocacia D\u00e9cio Freire Advogados vai promover palestras para que os interessados tipo executivos e gestores em geral possam se inteirar desse novo mundo.<\/p>\n<p style=\"text-align: center;\"><strong>Viola Caipira<\/strong><\/p>\n<p style=\"text-align: center;\">O projeto Mil Violas, de Uberl\u00e2ndia, est\u00e1 no Guinness Book, o livro dos recordes. A inclus\u00e3o foi feita ap\u00f3s 661 violeiros tocarem ininterruptamente por 43 minutos. O Instituto do Patrim\u00f4nio Hist\u00f3rico e Art\u00edstico de MG, reconheceu a viola mineira como patrim\u00f4nio cultural imaterial do estado.<\/p>\n<p style=\"text-align: center;\"><strong>Filmes Brasileiros <\/strong><\/p>\n<p style=\"text-align: center;\">Deslembro, de Fl\u00e1via Castro, representa o Brasil no Festival Internacional de Veneza, de 28 de agosto a 8 de setembro, na cidade italiana. O filme concorre na mostra paralela Horizontes, direcionado a realizadores iniciantes.<\/p>\n<p style=\"text-align: center;\"><span style=\"font-size: 14pt;\"><strong>Mestre-Sala e Porta-Bandeira<\/strong><\/span><\/p>\n<p style=\"text-align: center;\">Com o tom musical do Grupo Vem pro Samba, o Restaurante Card\u00e1pio Mineiro, no Espa\u00e7o Mascarenhas, comemorou o dia do Mestre-Sala e Porta-Bandeira fazendo uma singela homenagem a saudosa Nancy de Carvalho. Na coordena\u00e7\u00e3o de R\u00e9gis da Vila, a noite contou com canjas de Sandra Portella e Mestre Jansen. As fotos de Marc\u00edlio Gomes registram.<\/p>\n<div id=\"attachment_113424\" style=\"width: 810px\" class=\"wp-caption aligncenter\"><img loading=\"lazy\" decoding=\"async\" aria-describedby=\"caption-attachment-113424\" class=\"size-full wp-image-113424\" src=\"http:\/\/diarioregionaljf.com.br\/wp-content\/uploads\/2018\/07\/fotoa-19.jpg\" alt=\"\" width=\"800\" height=\"533\" srcset=\"https:\/\/diarioregionaldigital.com.br\/wp-content\/uploads\/2018\/07\/fotoa-19.jpg 800w, https:\/\/diarioregionaldigital.com.br\/wp-content\/uploads\/2018\/07\/fotoa-19-300x200.jpg 300w, https:\/\/diarioregionaldigital.com.br\/wp-content\/uploads\/2018\/07\/fotoa-19-768x512.jpg 768w, https:\/\/diarioregionaldigital.com.br\/wp-content\/uploads\/2018\/07\/fotoa-19-360x240.jpg 360w\" sizes=\"auto, (max-width: 800px) 100vw, 800px\" \/><p id=\"caption-attachment-113424\" class=\"wp-caption-text\">Marilene Gimenez, Leuza Moreira, S\u00e9rgio D\u2019agosto Miguel, Beth Urgal Queir\u00f3s e Eveline Toledo<\/p><\/div>\n<div id=\"attachment_113425\" style=\"width: 810px\" class=\"wp-caption aligncenter\"><img loading=\"lazy\" decoding=\"async\" aria-describedby=\"caption-attachment-113425\" class=\"size-full wp-image-113425\" src=\"http:\/\/diarioregionaljf.com.br\/wp-content\/uploads\/2018\/07\/fotob-21.jpg\" alt=\"\" width=\"800\" height=\"533\" srcset=\"https:\/\/diarioregionaldigital.com.br\/wp-content\/uploads\/2018\/07\/fotob-21.jpg 800w, https:\/\/diarioregionaldigital.com.br\/wp-content\/uploads\/2018\/07\/fotob-21-300x200.jpg 300w, https:\/\/diarioregionaldigital.com.br\/wp-content\/uploads\/2018\/07\/fotob-21-768x512.jpg 768w, https:\/\/diarioregionaldigital.com.br\/wp-content\/uploads\/2018\/07\/fotob-21-360x240.jpg 360w\" sizes=\"auto, (max-width: 800px) 100vw, 800px\" \/><p id=\"caption-attachment-113425\" class=\"wp-caption-text\">Marcelo Barra, Renato Saleme, R\u00e9gis da Vila e Edna Saleme<\/p><\/div>\n<div id=\"attachment_113426\" style=\"width: 810px\" class=\"wp-caption aligncenter\"><img loading=\"lazy\" decoding=\"async\" aria-describedby=\"caption-attachment-113426\" class=\"size-full wp-image-113426\" src=\"http:\/\/diarioregionaljf.com.br\/wp-content\/uploads\/2018\/07\/fotoc-18.jpg\" alt=\"\" width=\"800\" height=\"533\" srcset=\"https:\/\/diarioregionaldigital.com.br\/wp-content\/uploads\/2018\/07\/fotoc-18.jpg 800w, https:\/\/diarioregionaldigital.com.br\/wp-content\/uploads\/2018\/07\/fotoc-18-300x200.jpg 300w, https:\/\/diarioregionaldigital.com.br\/wp-content\/uploads\/2018\/07\/fotoc-18-768x512.jpg 768w, https:\/\/diarioregionaldigital.com.br\/wp-content\/uploads\/2018\/07\/fotoc-18-360x240.jpg 360w\" sizes=\"auto, (max-width: 800px) 100vw, 800px\" \/><p id=\"caption-attachment-113426\" class=\"wp-caption-text\">Sandra Portella, Oz\u00f3rio Coelho, Eduardo Gomes, Beth Ank, Liliane Gonzaga e Marcos Netto<\/p><\/div>\n<div id=\"attachment_113427\" style=\"width: 810px\" class=\"wp-caption aligncenter\"><img loading=\"lazy\" decoding=\"async\" aria-describedby=\"caption-attachment-113427\" class=\"size-full wp-image-113427\" src=\"http:\/\/diarioregionaljf.com.br\/wp-content\/uploads\/2018\/07\/fotod-18.jpg\" alt=\"\" width=\"800\" height=\"612\" srcset=\"https:\/\/diarioregionaldigital.com.br\/wp-content\/uploads\/2018\/07\/fotod-18.jpg 800w, https:\/\/diarioregionaldigital.com.br\/wp-content\/uploads\/2018\/07\/fotod-18-300x230.jpg 300w, https:\/\/diarioregionaldigital.com.br\/wp-content\/uploads\/2018\/07\/fotod-18-768x588.jpg 768w, https:\/\/diarioregionaldigital.com.br\/wp-content\/uploads\/2018\/07\/fotod-18-360x275.jpg 360w\" sizes=\"auto, (max-width: 800px) 100vw, 800px\" \/><p id=\"caption-attachment-113427\" class=\"wp-caption-text\">Simone Alves, Edmar Augusto, Cilene Cesta<\/p><\/div>\n<div id=\"attachment_113428\" style=\"width: 810px\" class=\"wp-caption aligncenter\"><img loading=\"lazy\" decoding=\"async\" aria-describedby=\"caption-attachment-113428\" class=\"size-full wp-image-113428\" src=\"http:\/\/diarioregionaljf.com.br\/wp-content\/uploads\/2018\/07\/fotoe-17.jpg\" alt=\"\" width=\"800\" height=\"537\" srcset=\"https:\/\/diarioregionaldigital.com.br\/wp-content\/uploads\/2018\/07\/fotoe-17.jpg 800w, https:\/\/diarioregionaldigital.com.br\/wp-content\/uploads\/2018\/07\/fotoe-17-300x201.jpg 300w, https:\/\/diarioregionaldigital.com.br\/wp-content\/uploads\/2018\/07\/fotoe-17-768x516.jpg 768w, https:\/\/diarioregionaldigital.com.br\/wp-content\/uploads\/2018\/07\/fotoe-17-360x242.jpg 360w\" sizes=\"auto, (max-width: 800px) 100vw, 800px\" \/><p id=\"caption-attachment-113428\" class=\"wp-caption-text\">Marcos Netto, Beth Urgal Queir\u00f3s, R\u00e9gis da Vila, Eduardo Gomes, Eveline Toledo<\/p><\/div>\n<div id=\"attachment_113429\" style=\"width: 810px\" class=\"wp-caption aligncenter\"><img loading=\"lazy\" decoding=\"async\" aria-describedby=\"caption-attachment-113429\" class=\"size-full wp-image-113429\" src=\"http:\/\/diarioregionaljf.com.br\/wp-content\/uploads\/2018\/07\/fotof-16.jpg\" alt=\"\" width=\"800\" height=\"533\" srcset=\"https:\/\/diarioregionaldigital.com.br\/wp-content\/uploads\/2018\/07\/fotof-16.jpg 800w, https:\/\/diarioregionaldigital.com.br\/wp-content\/uploads\/2018\/07\/fotof-16-300x200.jpg 300w, https:\/\/diarioregionaldigital.com.br\/wp-content\/uploads\/2018\/07\/fotof-16-768x512.jpg 768w, https:\/\/diarioregionaldigital.com.br\/wp-content\/uploads\/2018\/07\/fotof-16-360x240.jpg 360w\" sizes=\"auto, (max-width: 800px) 100vw, 800px\" \/><p id=\"caption-attachment-113429\" class=\"wp-caption-text\">Marc\u00edlio Gomes, Sandra Portela, Liliane Gonzaga e R\u00e9gis da Vila<\/p><\/div>\n<div id=\"attachment_113430\" style=\"width: 810px\" class=\"wp-caption aligncenter\"><img loading=\"lazy\" decoding=\"async\" aria-describedby=\"caption-attachment-113430\" class=\"size-full wp-image-113430\" src=\"http:\/\/diarioregionaljf.com.br\/wp-content\/uploads\/2018\/07\/fotog-16.jpg\" alt=\"\" width=\"800\" height=\"533\" srcset=\"https:\/\/diarioregionaldigital.com.br\/wp-content\/uploads\/2018\/07\/fotog-16.jpg 800w, https:\/\/diarioregionaldigital.com.br\/wp-content\/uploads\/2018\/07\/fotog-16-300x200.jpg 300w, https:\/\/diarioregionaldigital.com.br\/wp-content\/uploads\/2018\/07\/fotog-16-768x512.jpg 768w, https:\/\/diarioregionaldigital.com.br\/wp-content\/uploads\/2018\/07\/fotog-16-360x240.jpg 360w\" sizes=\"auto, (max-width: 800px) 100vw, 800px\" \/><p id=\"caption-attachment-113430\" class=\"wp-caption-text\">Liliane Gonzaga, Beth Urgal Queir\u00f3s e Vanda Malta<\/p><\/div>\n<div id=\"attachment_113431\" style=\"width: 810px\" class=\"wp-caption aligncenter\"><img loading=\"lazy\" decoding=\"async\" aria-describedby=\"caption-attachment-113431\" class=\"size-full wp-image-113431\" src=\"http:\/\/diarioregionaljf.com.br\/wp-content\/uploads\/2018\/07\/fotoh-17.jpg\" alt=\"\" width=\"800\" height=\"533\" srcset=\"https:\/\/diarioregionaldigital.com.br\/wp-content\/uploads\/2018\/07\/fotoh-17.jpg 800w, https:\/\/diarioregionaldigital.com.br\/wp-content\/uploads\/2018\/07\/fotoh-17-300x200.jpg 300w, https:\/\/diarioregionaldigital.com.br\/wp-content\/uploads\/2018\/07\/fotoh-17-768x512.jpg 768w, https:\/\/diarioregionaldigital.com.br\/wp-content\/uploads\/2018\/07\/fotoh-17-360x240.jpg 360w\" sizes=\"auto, (max-width: 800px) 100vw, 800px\" \/><p id=\"caption-attachment-113431\" class=\"wp-caption-text\">Marcos Netto, Liliane Gonzaga, Jansen Narciso e Beto Souza<\/p><\/div>\n<div id=\"attachment_113432\" style=\"width: 810px\" class=\"wp-caption aligncenter\"><img loading=\"lazy\" decoding=\"async\" aria-describedby=\"caption-attachment-113432\" class=\"size-full wp-image-113432\" src=\"http:\/\/diarioregionaljf.com.br\/wp-content\/uploads\/2018\/07\/fotoi-17.jpg\" alt=\"\" width=\"800\" height=\"533\" srcset=\"https:\/\/diarioregionaldigital.com.br\/wp-content\/uploads\/2018\/07\/fotoi-17.jpg 800w, https:\/\/diarioregionaldigital.com.br\/wp-content\/uploads\/2018\/07\/fotoi-17-300x200.jpg 300w, https:\/\/diarioregionaldigital.com.br\/wp-content\/uploads\/2018\/07\/fotoi-17-768x512.jpg 768w, https:\/\/diarioregionaldigital.com.br\/wp-content\/uploads\/2018\/07\/fotoi-17-360x240.jpg 360w\" sizes=\"auto, (max-width: 800px) 100vw, 800px\" \/><p id=\"caption-attachment-113432\" class=\"wp-caption-text\">R\u00e9gis da Vila, Armando Aguiar (Mam\u00e3o), Leuza Moreira e Sebasti\u00e3o Costa<\/p><\/div>\n<div id=\"attachment_113433\" style=\"width: 810px\" class=\"wp-caption aligncenter\"><img loading=\"lazy\" decoding=\"async\" aria-describedby=\"caption-attachment-113433\" class=\"size-full wp-image-113433\" src=\"http:\/\/diarioregionaljf.com.br\/wp-content\/uploads\/2018\/07\/fotoj-15.jpg\" alt=\"\" width=\"800\" height=\"533\" srcset=\"https:\/\/diarioregionaldigital.com.br\/wp-content\/uploads\/2018\/07\/fotoj-15.jpg 800w, https:\/\/diarioregionaldigital.com.br\/wp-content\/uploads\/2018\/07\/fotoj-15-300x200.jpg 300w, https:\/\/diarioregionaldigital.com.br\/wp-content\/uploads\/2018\/07\/fotoj-15-768x512.jpg 768w, https:\/\/diarioregionaldigital.com.br\/wp-content\/uploads\/2018\/07\/fotoj-15-360x240.jpg 360w\" sizes=\"auto, (max-width: 800px) 100vw, 800px\" \/><p id=\"caption-attachment-113433\" class=\"wp-caption-text\">Marcos Netto, Nelson Resende de Barros (aniversariando) e Beth Urgal Queir\u00f3s<\/p><\/div>\n<div id=\"attachment_113438\" style=\"width: 810px\" class=\"wp-caption aligncenter\"><img loading=\"lazy\" decoding=\"async\" aria-describedby=\"caption-attachment-113438\" class=\"size-full wp-image-113438\" src=\"http:\/\/diarioregionaljf.com.br\/wp-content\/uploads\/2018\/07\/fotol-9.jpg\" alt=\"\" width=\"800\" height=\"663\" srcset=\"https:\/\/diarioregionaldigital.com.br\/wp-content\/uploads\/2018\/07\/fotol-9.jpg 800w, https:\/\/diarioregionaldigital.com.br\/wp-content\/uploads\/2018\/07\/fotol-9-300x249.jpg 300w, https:\/\/diarioregionaldigital.com.br\/wp-content\/uploads\/2018\/07\/fotol-9-768x636.jpg 768w, https:\/\/diarioregionaldigital.com.br\/wp-content\/uploads\/2018\/07\/fotol-9-360x298.jpg 360w\" sizes=\"auto, (max-width: 800px) 100vw, 800px\" \/><p id=\"caption-attachment-113438\" class=\"wp-caption-text\">A diva Sandra Portella<\/p><\/div>\n<p style=\"text-align: center;\"><strong>FOTOSS\u00cdNTESE<\/strong><\/p>\n<p>Quando setembro vier, nos dias 8 e 9 vai acontecer a Festa da Lingui\u00e7a, no Parque de Exposi\u00e7\u00f5es de Juiz de Fora, com renda para o Abrigo Santa Helena. A entrada ser\u00e1 5 reais.<\/p>\n<p>Eduardo Gama, Ramon David e Mar\u00edlia Augusta j\u00e1 retornaram de temporada na Disney.<\/p>\n<p>Neste segundo semestre, o Conselho Central Diocesano da Sociedade de S\u00e3o Vicente de Paulo (SSVP) promover\u00e1 novas oficinas e cursos profissionalizantes atrav\u00e9s de seu N\u00facleo de Promo\u00e7\u00e3o Social. Entre as atividades ofertadas: est\u00e3o coral, gin\u00e1stica, pilates, artesanato, inform\u00e1tica, cuidador de idosos e curso para gestantes, dentre outras.<\/p>\n<p>A pr\u00f3xima parada da caravana do Minas ao Luar j\u00e1 tem data e local definidos. Ser\u00e1 em Vi\u00e7osa, na Zona da Mata mineira, em 11 de agosto (s\u00e1bado). O show ser\u00e1 na Pra\u00e7a Silviano Brand\u00e3o, no Centro, a partir das 21h. Pelo palco do projeto passar\u00e3o o grupo Os Incr\u00edveis e a artista Carla Sceno, natural do munic\u00edpio.<\/p>\n<p>A Santa Casa de Juiz de Fora j\u00e1 est\u00e1 em clima de comemora\u00e7\u00e3o de seu anivers\u00e1rio de 164 anos, celebrado em 6 de agosto. Diversos eventos para colaboradores e comunidade fazem parte da programa\u00e7\u00e3o oficial. Breve divulgaremos.<\/p>\n<p>Vai bombar mais uma edi\u00e7\u00e3o do projeto \u201cRock P\u00e9 no Ch\u00e3o\u201d. No dia 11 de Agosto tem a banda Surra, transpunk nervoso vindo direto de Santos (SP). Para abrir os trabalhos, as bandas locais, Traste, Calau e Descaminho. Ser\u00e1, \u00e0s 20h, no Necessaire, na rua Halfeld, n\u00ba 395. Entrada R$15 e um abra\u00e7o carinhoso.<\/p>\n<p>Antenado e irrequieto, o jovem Jo\u00e3o Paulo Munck re\u00fane os amigos para festejar seu anivers\u00e1rio no dia 5 de agosto, de 13 \u00e0s 19h, em S\u00e3o Pedro. Detalhe: fantasia que remeta \u00e0 inf\u00e2ncia.<\/p>\n<p>Em parceria com a nutr\u00f3loga Alice Amaral, o m\u00e9dico e bioen\u00adgenheiro Victor Mattos veio a Juiz de Fora para o lan\u00e7amento do suprimento nutricional baby suple, para gestantes.<\/p>\n<p>O Alpha Ville Chal\u00e9s recebe nos dias 7 e 8 de setembro, em Ibitipoca, o show de Z\u00e9 Ramalho e Emerson Nogueira, dentro do Projeto Planeta Ibitipoca Ra\u00edzes e Oxig\u00eanio.<\/p>\n<p>No dia 24 de agosto o Esporte Clube S\u00e3o Carlos, comemora 68 anos de atividades com jantar e o tom musical de Alcides Terror.<\/p>\n<p>Recadinho: \u201cEu nunca vou deixar voc\u00ea atirar no nariz do meu fara\u00f3\u201d. (Wally). Bom dia.<\/p>\n<p>&nbsp;<\/p>\n","protected":false},"excerpt":{"rendered":"<p>Minascon Juiz de Fora ser\u00e1 a refer\u00eancia da Constru\u00e7\u00e3o Civil e Pesada em Minas Gerais. Em 2018, a Zona da Mata sedia a 15\u00aa edi\u00e7\u00e3o do maior evento unificado da cadeia produtiva do setor em Minas Gerais, o Minascon, que acontece de 25 a 27 de setembro, no Trade Hotel. O evento leva ao empresariado [&hellip;]<\/p>\n","protected":false},"author":96,"featured_media":113424,"comment_status":"closed","ping_status":"closed","sticky":false,"template":"","format":"standard","meta":{"footnotes":""},"categories":[264],"tags":[],"class_list":["post-113440","post","type-post","status-publish","format-standard","has-post-thumbnail","hentry","category-eduardo-gomes"],"_links":{"self":[{"href":"https:\/\/diarioregionaldigital.com.br\/index.php?rest_route=\/wp\/v2\/posts\/113440","targetHints":{"allow":["GET"]}}],"collection":[{"href":"https:\/\/diarioregionaldigital.com.br\/index.php?rest_route=\/wp\/v2\/posts"}],"about":[{"href":"https:\/\/diarioregionaldigital.com.br\/index.php?rest_route=\/wp\/v2\/types\/post"}],"author":[{"embeddable":true,"href":"https:\/\/diarioregionaldigital.com.br\/index.php?rest_route=\/wp\/v2\/users\/96"}],"replies":[{"embeddable":true,"href":"https:\/\/diarioregionaldigital.com.br\/index.php?rest_route=%2Fwp%2Fv2%2Fcomments&post=113440"}],"version-history":[{"count":0,"href":"https:\/\/diarioregionaldigital.com.br\/index.php?rest_route=\/wp\/v2\/posts\/113440\/revisions"}],"wp:featuredmedia":[{"embeddable":true,"href":"https:\/\/diarioregionaldigital.com.br\/index.php?rest_route=\/wp\/v2\/media\/113424"}],"wp:attachment":[{"href":"https:\/\/diarioregionaldigital.com.br\/index.php?rest_route=%2Fwp%2Fv2%2Fmedia&parent=113440"}],"wp:term":[{"taxonomy":"category","embeddable":true,"href":"https:\/\/diarioregionaldigital.com.br\/index.php?rest_route=%2Fwp%2Fv2%2Fcategories&post=113440"},{"taxonomy":"post_tag","embeddable":true,"href":"https:\/\/diarioregionaldigital.com.br\/index.php?rest_route=%2Fwp%2Fv2%2Ftags&post=113440"}],"curies":[{"name":"wp","href":"https:\/\/api.w.org\/{rel}","templated":true}]}}