{"id":113413,"date":"2018-07-31T14:17:21","date_gmt":"2018-07-31T17:17:21","guid":{"rendered":"http:\/\/diarioregionaljf.com.br\/?p=113413"},"modified":"2018-07-31T14:39:55","modified_gmt":"2018-07-31T17:39:55","slug":"um-rapaz-foi-preso-e-dois-adolescentes-foram-apreendidos-por-trafico-de-drogas-em-muriae","status":"publish","type":"post","link":"https:\/\/diarioregionaldigital.com.br\/?p=113413","title":{"rendered":"Um rapaz foi preso e dois adolescentes foram apreendidos por tr\u00e1fico de drogas em Muria\u00e9"},"content":{"rendered":"<p>No in\u00edcio da tarde dessa segunda-feira, 30, um rapaz de 18 anos e dois adolescentes, de 15 e 17, foram detidos no bairro Planalto, em Muria\u00e9. Foram apreendidos pela Pol\u00edcia Militar (PM) por\u00e7\u00f5es de crack e coca\u00edna, al\u00e9m de tr\u00eas r\u00e9plicas de pistola e material de origem n\u00e3o comprovada.<\/p>\n<p>De acordo com o Boletim de Ocorr\u00eancia da PM, militares seguiram para a rua Silas Macedo, ap\u00f3s den\u00fancias da suposta chegada de material il\u00edcito no local, e ao conseguir contato com um dos menores, que reside no endere\u00e7o, este autorizou a entrada da equipe. Os policiais relatam que durante as buscas foram encontradas as tr\u00eas r\u00e9plicas de arma em um im\u00f3vel desocupado, localizado nos fundos da casa onde moram os detidos de 17 e 18 anos.<\/p>\n<p>Na sequ\u00eancia do trabalho, conforme o registro da PM, os militares encontraram um embrulho pl\u00e1stico contendo sete pedras de crack e tr\u00eas papelotes de coca\u00edna escondido no gesso que adolescente baleado no Primavera est\u00e1 usando na perna direita em fun\u00e7\u00e3o do tiro sofrido.<\/p>\n<p>Tamb\u00e9m foram recolhidos celulares, rel\u00f3gios e um cord\u00e3o de prata, de proced\u00eancia n\u00e3o comprovada, al\u00e9m de R$ 29,00 em dinheiro e uma faca. Segundo o B.O, o menor de 15 anos \u00e9 morador do bairro Primavera e afirmou ter passado a noite na casa dos amigos.<\/p>\n<p>A PM afirma que um dos jovens confessou que os entorpecentes seriam comercializados e registrou a ocorr\u00eancia como tr\u00e1fico de drogas, sendo o trio e o material apreendido levados para apresenta\u00e7\u00e3o \u00e0 Pol\u00edcia Civil (PC), na delegacia do bairro Safira.<\/p>\n<p>&nbsp;<\/p>\n<p>Fonte: R\u00e1dio Muria\u00e9<\/p>\n","protected":false},"excerpt":{"rendered":"<p>No in\u00edcio da tarde dessa segunda-feira, 30, um rapaz de 18 anos e dois adolescentes, de 15 e 17, foram detidos no bairro Planalto, em Muria\u00e9. Foram apreendidos pela Pol\u00edcia Militar (PM) por\u00e7\u00f5es de crack e coca\u00edna, al\u00e9m de tr\u00eas r\u00e9plicas de pistola e material de origem n\u00e3o comprovada. De acordo com o Boletim de [&hellip;]<\/p>\n","protected":false},"author":96,"featured_media":113414,"comment_status":"closed","ping_status":"closed","sticky":false,"template":"","format":"standard","meta":{"footnotes":""},"categories":[252,439],"tags":[],"class_list":["post-113413","post","type-post","status-publish","format-standard","has-post-thumbnail","hentry","category-regiao","category-ultima-hora"],"_links":{"self":[{"href":"https:\/\/diarioregionaldigital.com.br\/index.php?rest_route=\/wp\/v2\/posts\/113413","targetHints":{"allow":["GET"]}}],"collection":[{"href":"https:\/\/diarioregionaldigital.com.br\/index.php?rest_route=\/wp\/v2\/posts"}],"about":[{"href":"https:\/\/diarioregionaldigital.com.br\/index.php?rest_route=\/wp\/v2\/types\/post"}],"author":[{"embeddable":true,"href":"https:\/\/diarioregionaldigital.com.br\/index.php?rest_route=\/wp\/v2\/users\/96"}],"replies":[{"embeddable":true,"href":"https:\/\/diarioregionaldigital.com.br\/index.php?rest_route=%2Fwp%2Fv2%2Fcomments&post=113413"}],"version-history":[{"count":0,"href":"https:\/\/diarioregionaldigital.com.br\/index.php?rest_route=\/wp\/v2\/posts\/113413\/revisions"}],"wp:featuredmedia":[{"embeddable":true,"href":"https:\/\/diarioregionaldigital.com.br\/index.php?rest_route=\/wp\/v2\/media\/113414"}],"wp:attachment":[{"href":"https:\/\/diarioregionaldigital.com.br\/index.php?rest_route=%2Fwp%2Fv2%2Fmedia&parent=113413"}],"wp:term":[{"taxonomy":"category","embeddable":true,"href":"https:\/\/diarioregionaldigital.com.br\/index.php?rest_route=%2Fwp%2Fv2%2Fcategories&post=113413"},{"taxonomy":"post_tag","embeddable":true,"href":"https:\/\/diarioregionaldigital.com.br\/index.php?rest_route=%2Fwp%2Fv2%2Ftags&post=113413"}],"curies":[{"name":"wp","href":"https:\/\/api.w.org\/{rel}","templated":true}]}}