{"id":113404,"date":"2018-07-31T11:52:06","date_gmt":"2018-07-31T14:52:06","guid":{"rendered":"http:\/\/diarioregionaljf.com.br\/?p=113404"},"modified":"2018-07-31T11:52:06","modified_gmt":"2018-07-31T14:52:06","slug":"mansao-de-sergio-cabral-em-mangaratiba-sera-leiloada-em-setembro","status":"publish","type":"post","link":"https:\/\/diarioregionaldigital.com.br\/?p=113404","title":{"rendered":"Mans\u00e3o de S\u00e9rgio Cabral em Mangaratiba ser\u00e1 leiloada em setembro"},"content":{"rendered":"<p>A mans\u00e3o do ex-governador S\u00e9rgio Cabral (MDB) em Mangaratiba, na Costa Verde do Rio de Janeiro, vai \u00e0 leil\u00e3o no dia 4 de setembro \u00e0s 14h, no audit\u00f3rio do pr\u00e9dio da Justi\u00e7a Federal. O im\u00f3vel foi avaliado pela Justi\u00e7a em R$8 milh\u00f5es, valor do lance m\u00ednimo. Caso a mans\u00e3o n\u00e3o seja arrematada no primeiro leil\u00e3o, j\u00e1 tem nova data marcada para o dia 13 do mesmo m\u00eas, com valor de 80% da avalia\u00e7\u00e3o.<\/p>\n<p>&nbsp;<\/p>\n<p>A determina\u00e7\u00e3o para a venda \u00e9 do juiz Marcelo Bretas, titular da 7\u00aa Vara Federal Criminal, respons\u00e1vel pelos desdobramentos da Opera\u00e7\u00e3o Lava Jato, no Rio de Janeiro.<\/p>\n<p>&nbsp;<\/p>\n<p>Na primeira tentativa de leil\u00e3o do im\u00f3vel, o certame foi suspenso pelo desembargador federal Abel Gomes, relator dos processos da Lava Jato no Rio.<\/p>\n<p>&nbsp;<\/p>\n<h2>Im\u00f3vel deteriorando<\/h2>\n<p>&nbsp;<\/p>\n<p>Em janeiro deste ano, o Minist\u00e9rio P\u00fablico Federal (MPF) no Rio protocolou peti\u00e7\u00e3o no Tribunal Regional Federal da 2\u00aa Regi\u00e3o (TRF2) para que sejam pautados os recursos do ex-governador S\u00e9rgio Cabral e de sua mulher, Adriana Ancelmo, no processo para a aliena\u00e7\u00e3o antecipada dos bens bloqueados do casal.<\/p>\n<p>&nbsp;<\/p>\n<p>Entre os oito bens retidos por ordem judicial, est\u00e3o uma casa no Condom\u00ednio Portobello, em Mangaratiba, na Costa Verde, uma lancha, tr\u00eas autom\u00f3veis e um jet ski, avaliados em mais de R$ 12,5 milh\u00f5es em um despacho de junho do ano passado.<\/p>\n<p>&nbsp;<\/p>\n<p>Na avalia\u00e7\u00e3o do MPF da 2\u00aa Regi\u00e3o, a recente veicula\u00e7\u00e3o de uma not\u00edcia sobre a deteriora\u00e7\u00e3o do im\u00f3vel do casal em Mangaratiba torna necess\u00e1ria uma resolu\u00e7\u00e3o r\u00e1pida do caso, com o julgamento dos recursos em curto prazo.<\/p>\n<p>&nbsp;<\/p>\n<h2>Requisitos legais<\/h2>\n<p>&nbsp;<\/p>\n<p>O N\u00facleo Criminal de Combate \u00e0 Corrup\u00e7\u00e3o do MPF na 2\u00aa Regi\u00e3o enviou o pedido para o desembargador federal Abel Gomes, relator dos processos da for\u00e7a-tarefa da Lava Jato, que suspendeu o leil\u00e3o determinado pela 7\u00aa Vara Federal Criminal do Rio at\u00e9 os recursos da defesa serem julgados. Os advogados questionam o descumprimento de requisitos legais pelo leiloeiro designado.<\/p>\n<p>&nbsp;<\/p>\n<p>Ao ordenar o leil\u00e3o dos bens, o juiz Marcelo Bretas, em decis\u00e3o de junho de 2017, argumentou: \u201cAinda que se defenda que o valor de mercado n\u00e3o se reduz com tanta facilidade, a medida tamb\u00e9m \u00e9 autorizada pela Lei de Lavagem de Dinheiro, tendo em vista que a dificuldade para manuten\u00e7\u00e3o \u00e9 ineg\u00e1vel, uma vez que o casal propriet\u00e1rio est\u00e1 custodiado pelo estado, sem poder dispensar os devidos cuidados \u00e0 casa. Portanto, a aliena\u00e7\u00e3o antecipada proposta \u00e9 adequada e proporcional ao caso em concreto.\u201d<\/p>\n<p>&nbsp;<\/p>\n<p>Fonte: Ag\u00eancia Brasil<\/p>\n","protected":false},"excerpt":{"rendered":"<p>A mans\u00e3o do ex-governador S\u00e9rgio Cabral (MDB) em Mangaratiba, na Costa Verde do Rio de Janeiro, vai \u00e0 leil\u00e3o no dia 4 de setembro \u00e0s 14h, no audit\u00f3rio do pr\u00e9dio da Justi\u00e7a Federal. O im\u00f3vel foi avaliado pela Justi\u00e7a em R$8 milh\u00f5es, valor do lance m\u00ednimo. Caso a mans\u00e3o n\u00e3o seja arrematada no primeiro leil\u00e3o, [&hellip;]<\/p>\n","protected":false},"author":96,"featured_media":113406,"comment_status":"closed","ping_status":"closed","sticky":false,"template":"","format":"standard","meta":{"footnotes":""},"categories":[436,254,439],"tags":[],"class_list":["post-113404","post","type-post","status-publish","format-standard","has-post-thumbnail","hentry","category-destaque-da-semana","category-politica","category-ultima-hora"],"_links":{"self":[{"href":"https:\/\/diarioregionaldigital.com.br\/index.php?rest_route=\/wp\/v2\/posts\/113404","targetHints":{"allow":["GET"]}}],"collection":[{"href":"https:\/\/diarioregionaldigital.com.br\/index.php?rest_route=\/wp\/v2\/posts"}],"about":[{"href":"https:\/\/diarioregionaldigital.com.br\/index.php?rest_route=\/wp\/v2\/types\/post"}],"author":[{"embeddable":true,"href":"https:\/\/diarioregionaldigital.com.br\/index.php?rest_route=\/wp\/v2\/users\/96"}],"replies":[{"embeddable":true,"href":"https:\/\/diarioregionaldigital.com.br\/index.php?rest_route=%2Fwp%2Fv2%2Fcomments&post=113404"}],"version-history":[{"count":0,"href":"https:\/\/diarioregionaldigital.com.br\/index.php?rest_route=\/wp\/v2\/posts\/113404\/revisions"}],"wp:featuredmedia":[{"embeddable":true,"href":"https:\/\/diarioregionaldigital.com.br\/index.php?rest_route=\/wp\/v2\/media\/113406"}],"wp:attachment":[{"href":"https:\/\/diarioregionaldigital.com.br\/index.php?rest_route=%2Fwp%2Fv2%2Fmedia&parent=113404"}],"wp:term":[{"taxonomy":"category","embeddable":true,"href":"https:\/\/diarioregionaldigital.com.br\/index.php?rest_route=%2Fwp%2Fv2%2Fcategories&post=113404"},{"taxonomy":"post_tag","embeddable":true,"href":"https:\/\/diarioregionaldigital.com.br\/index.php?rest_route=%2Fwp%2Fv2%2Ftags&post=113404"}],"curies":[{"name":"wp","href":"https:\/\/api.w.org\/{rel}","templated":true}]}}