{"id":113400,"date":"2018-07-31T11:45:13","date_gmt":"2018-07-31T14:45:13","guid":{"rendered":"http:\/\/diarioregionaljf.com.br\/?p=113400"},"modified":"2018-07-31T11:45:13","modified_gmt":"2018-07-31T14:45:13","slug":"candidatos-do-prouni-tem-ate-hoje-para-aderir-a-lista-de-espera","status":"publish","type":"post","link":"https:\/\/diarioregionaldigital.com.br\/?p=113400","title":{"rendered":"Candidatos do ProUni t\u00eam at\u00e9 hoje para aderir \u00e0 lista de espera"},"content":{"rendered":"<p>Os candidatos que n\u00e3o foram pr\u00e9-selecionados na primeira e segunda chamadas do Programa Universidade para Todos (ProUni) t\u00eam\u00a0hoje, 31, para manifestar interesse na lista de espera. O prazo de ades\u00e3o come\u00e7ou\u00a0nessa segunda-feira, 30. O interessado deve obrigatoriamente confirmar, na\u00a0<a href=\"http:\/\/siteprouni.mec.gov.br\/\" target=\"_blank\" rel=\"noopener\">p\u00e1gina do ProUni<\/a>, o interesse na bolsa. A divulga\u00e7\u00e3o do resultado da lista de espera ser\u00e1 na\u00a0quinta-feira, 2.<\/p>\n<p>&nbsp;<\/p>\n<p>O ProUni \u00e9 um programa do Minist\u00e9rio da Educa\u00e7\u00e3o, em vig\u00eancia desde 2004, que oferece\u00a0bolsas de estudo integrais e parciais (50%) em institui\u00e7\u00f5es privadas de educa\u00e7\u00e3o superior, em cursos de gradua\u00e7\u00e3o e sequenciais de forma\u00e7\u00e3o espec\u00edfica, a estudantes brasileiros sem diploma de n\u00edvel superior.<\/p>\n<p>&nbsp;<\/p>\n<p>Para concorrer \u00e0s bolsas integrais, o candidato deve comprovar renda familiar bruta mensal, por pessoa, de at\u00e9 um sal\u00e1rio m\u00ednimo e meio. Para as bolsas parciais (50%), a renda familiar bruta mensal deve ser de at\u00e9 tr\u00eas sal\u00e1rios m\u00ednimos por pessoa.<\/p>\n<p>&nbsp;<\/p>\n<p>Para se inscrever no programa \u00e9 preciso ter participado do\u00a0Exame Nacional de Ensino M\u00e9dio (Enem) de 2017\u00a0e ter obtido no m\u00ednimo 450 pontos na m\u00e9dia das notas do Exame. Tamb\u00e9m \u00e9 necess\u00e1rio que a reda\u00e7\u00e3o n\u00e3o tenha sido zero.<\/p>\n<p>&nbsp;<\/p>\n<p>Fonte: Ag\u00eancia Brasil<\/p>\n","protected":false},"excerpt":{"rendered":"<p>Os candidatos que n\u00e3o foram pr\u00e9-selecionados na primeira e segunda chamadas do Programa Universidade para Todos (ProUni) t\u00eam\u00a0hoje, 31, para manifestar interesse na lista de espera. O prazo de ades\u00e3o come\u00e7ou\u00a0nessa segunda-feira, 30. O interessado deve obrigatoriamente confirmar, na\u00a0p\u00e1gina do ProUni, o interesse na bolsa. A divulga\u00e7\u00e3o do resultado da lista de espera ser\u00e1 na\u00a0quinta-feira, [&hellip;]<\/p>\n","protected":false},"author":96,"featured_media":113402,"comment_status":"closed","ping_status":"closed","sticky":false,"template":"","format":"standard","meta":{"footnotes":""},"categories":[302,436,439],"tags":[],"class_list":["post-113400","post","type-post","status-publish","format-standard","has-post-thumbnail","hentry","category-brasil-mundo","category-destaque-da-semana","category-ultima-hora"],"_links":{"self":[{"href":"https:\/\/diarioregionaldigital.com.br\/index.php?rest_route=\/wp\/v2\/posts\/113400","targetHints":{"allow":["GET"]}}],"collection":[{"href":"https:\/\/diarioregionaldigital.com.br\/index.php?rest_route=\/wp\/v2\/posts"}],"about":[{"href":"https:\/\/diarioregionaldigital.com.br\/index.php?rest_route=\/wp\/v2\/types\/post"}],"author":[{"embeddable":true,"href":"https:\/\/diarioregionaldigital.com.br\/index.php?rest_route=\/wp\/v2\/users\/96"}],"replies":[{"embeddable":true,"href":"https:\/\/diarioregionaldigital.com.br\/index.php?rest_route=%2Fwp%2Fv2%2Fcomments&post=113400"}],"version-history":[{"count":0,"href":"https:\/\/diarioregionaldigital.com.br\/index.php?rest_route=\/wp\/v2\/posts\/113400\/revisions"}],"wp:featuredmedia":[{"embeddable":true,"href":"https:\/\/diarioregionaldigital.com.br\/index.php?rest_route=\/wp\/v2\/media\/113402"}],"wp:attachment":[{"href":"https:\/\/diarioregionaldigital.com.br\/index.php?rest_route=%2Fwp%2Fv2%2Fmedia&parent=113400"}],"wp:term":[{"taxonomy":"category","embeddable":true,"href":"https:\/\/diarioregionaldigital.com.br\/index.php?rest_route=%2Fwp%2Fv2%2Fcategories&post=113400"},{"taxonomy":"post_tag","embeddable":true,"href":"https:\/\/diarioregionaldigital.com.br\/index.php?rest_route=%2Fwp%2Fv2%2Ftags&post=113400"}],"curies":[{"name":"wp","href":"https:\/\/api.w.org\/{rel}","templated":true}]}}