{"id":113396,"date":"2018-07-31T11:37:50","date_gmt":"2018-07-31T14:37:50","guid":{"rendered":"http:\/\/diarioregionaljf.com.br\/?p=113396"},"modified":"2018-07-31T11:38:35","modified_gmt":"2018-07-31T14:38:35","slug":"professores-e-servidores-podem-ser-inscrever-para-aplicar-provas-do-enem","status":"publish","type":"post","link":"https:\/\/diarioregionaldigital.com.br\/?p=113396","title":{"rendered":"Professores e servidores podem ser inscrever para aplicar provas do Enem"},"content":{"rendered":"<p>Professores da rede p\u00fablica e servidores p\u00fablicos federais que queiram trabalhar na aplica\u00e7\u00e3o das provas do Exame Nacional do Ensino M\u00e9dio de 2018\u00a0<a href=\"https:\/\/certificadores.inep.gov.br\/\" target=\"_blank\" rel=\"noopener\">podem se inscrever a partir desta ter\u00e7a-feira, 31, pela internet<\/a>. No caso dos professores, podem participar os das redes estaduais e municipais de ensino.<\/p>\n<p>As inscri\u00e7\u00f5es v\u00e3o at\u00e9 o dia 20 de agosto. As provas do Enem 2018 ser\u00e3o aplicadas nos dias 4 e 11 de novembro.<\/p>\n<p>Os inscritos que forem aprovados v\u00e3o receber capacita\u00e7\u00e3o por meio de um curso \u00e0 dist\u00e2ncia. Quem j\u00e1 participou da aplica\u00e7\u00e3o de provas anteriores do Enem tamb\u00e9m dever\u00e1 fazer a capacita\u00e7\u00e3o. Para atuar no dia da prova \u00e9 preciso ter, no m\u00ednimo, 70% de aproveitamento nas atividades do curso.<\/p>\n<h2>Crit\u00e9rios para inscri\u00e7\u00e3o<\/h2>\n<p>Alguns dos crit\u00e9rios para se inscrever s\u00e3o: ter o ensino m\u00e9dio; ser servidor p\u00fablico federal ou docente da rede estadual ou municipal de ensino efetivo e registrado no censo escolar; n\u00e3o estar inscrito ou ter c\u00f4njuge, companheiro ou parentes inscritos para as provas do Enem 2018; n\u00e3o ter v\u00ednculo com as atividades do processo de elabora\u00e7\u00e3o, impress\u00e3o, distribui\u00e7\u00e3o, aplica\u00e7\u00e3o e corre\u00e7\u00e3o da reda\u00e7\u00e3o exame. Ainda \u00e9 indispens\u00e1vel ter smartphone ou tablet com acesso \u00e0 internet m\u00f3vel.<\/p>\n<p>O trabalho \u00e9 remunerado e o valor pago \u00e9 de R$318 por dia de atua\u00e7\u00e3o na Rede Nacional de Certificadores (RNC) do Enem 2018. A carga hor\u00e1ria di\u00e1ria \u00e9 de 12 horas.<\/p>\n<p>&nbsp;<\/p>\n<p>Fonte: Ag\u00eancia Brasil<\/p>\n","protected":false},"excerpt":{"rendered":"<p>Professores da rede p\u00fablica e servidores p\u00fablicos federais que queiram trabalhar na aplica\u00e7\u00e3o das provas do Exame Nacional do Ensino M\u00e9dio de 2018\u00a0podem se inscrever a partir desta ter\u00e7a-feira, 31, pela internet. No caso dos professores, podem participar os das redes estaduais e municipais de ensino. As inscri\u00e7\u00f5es v\u00e3o at\u00e9 o dia 20 de agosto. [&hellip;]<\/p>\n","protected":false},"author":96,"featured_media":113397,"comment_status":"closed","ping_status":"closed","sticky":false,"template":"","format":"standard","meta":{"footnotes":""},"categories":[302,440,439],"tags":[],"class_list":["post-113396","post","type-post","status-publish","format-standard","has-post-thumbnail","hentry","category-brasil-mundo","category-destaques-do-dia","category-ultima-hora"],"_links":{"self":[{"href":"https:\/\/diarioregionaldigital.com.br\/index.php?rest_route=\/wp\/v2\/posts\/113396","targetHints":{"allow":["GET"]}}],"collection":[{"href":"https:\/\/diarioregionaldigital.com.br\/index.php?rest_route=\/wp\/v2\/posts"}],"about":[{"href":"https:\/\/diarioregionaldigital.com.br\/index.php?rest_route=\/wp\/v2\/types\/post"}],"author":[{"embeddable":true,"href":"https:\/\/diarioregionaldigital.com.br\/index.php?rest_route=\/wp\/v2\/users\/96"}],"replies":[{"embeddable":true,"href":"https:\/\/diarioregionaldigital.com.br\/index.php?rest_route=%2Fwp%2Fv2%2Fcomments&post=113396"}],"version-history":[{"count":0,"href":"https:\/\/diarioregionaldigital.com.br\/index.php?rest_route=\/wp\/v2\/posts\/113396\/revisions"}],"wp:featuredmedia":[{"embeddable":true,"href":"https:\/\/diarioregionaldigital.com.br\/index.php?rest_route=\/wp\/v2\/media\/113397"}],"wp:attachment":[{"href":"https:\/\/diarioregionaldigital.com.br\/index.php?rest_route=%2Fwp%2Fv2%2Fmedia&parent=113396"}],"wp:term":[{"taxonomy":"category","embeddable":true,"href":"https:\/\/diarioregionaldigital.com.br\/index.php?rest_route=%2Fwp%2Fv2%2Fcategories&post=113396"},{"taxonomy":"post_tag","embeddable":true,"href":"https:\/\/diarioregionaldigital.com.br\/index.php?rest_route=%2Fwp%2Fv2%2Ftags&post=113396"}],"curies":[{"name":"wp","href":"https:\/\/api.w.org\/{rel}","templated":true}]}}