{"id":113390,"date":"2018-07-31T11:30:12","date_gmt":"2018-07-31T14:30:12","guid":{"rendered":"http:\/\/diarioregionaljf.com.br\/?p=113390"},"modified":"2018-07-31T11:30:12","modified_gmt":"2018-07-31T14:30:12","slug":"prefeitura-instala-iluminacao-no-bairro-sagrado-coracao","status":"publish","type":"post","link":"https:\/\/diarioregionaldigital.com.br\/?p=113390","title":{"rendered":"Prefeitura instala ilumina\u00e7\u00e3o no bairro Sagrado Cora\u00e7\u00e3o"},"content":{"rendered":"<p>A Prefeitura de Juiz de Fora (PJF) instalou ilumina\u00e7\u00e3o p\u00fablica no prolongamento da Rua Marciano Pinto, no bairro Sagrado Cora\u00e7\u00e3o de Jesus, na regi\u00e3o sul. No local foram instalados 11 postes com rede de distribui\u00e7\u00e3o de m\u00e9dia e baixa tens\u00e3o, al\u00e9m de l\u00e2mpadas a vapor de s\u00f3dio de 150 watts, com lumin\u00e1rias modernas e eficientes.<\/p>\n<p>H\u00e1 mais de 30 anos os moradores reivindicavam asfalto e ilumina\u00e7\u00e3o para a comunidade. Ariane Pinto da Silva, hoje com 38 anos, era crian\u00e7a quando seu pai come\u00e7ou a luta por melhorias da comunidade. O empenho passou de pai para filha, que agora comemora as solicita\u00e7\u00f5es atendidas: &#8220;Antes era muito barro, n\u00e3o havia luz; agora temos ilumina\u00e7\u00e3o e asfalto. Estamos muito felizes com as conquistas alcan\u00e7adas&#8221;.<\/p>\n<p>O trabalho foi realizado pelo setor el\u00e9trico e de ilumina\u00e7\u00e3o da Empresa Municipal de Pavimenta\u00e7\u00e3o e Urbaniza\u00e7\u00e3o (Empav), com investimento de cerca de R$ 80 mil, proveniente da Contribui\u00e7\u00e3o Para o Custeio do Sistema de Ilumina\u00e7\u00e3o P\u00fablica (CCSIP). O objetivo \u00e9 proporcionar ambiente de mais seguran\u00e7a aos moradores, motoristas e todos que circulam pelo local.<\/p>\n<p>&nbsp;<\/p>\n<p>Fonte: Assessoria\/PJF<\/p>\n","protected":false},"excerpt":{"rendered":"<p>A Prefeitura de Juiz de Fora (PJF) instalou ilumina\u00e7\u00e3o p\u00fablica no prolongamento da Rua Marciano Pinto, no bairro Sagrado Cora\u00e7\u00e3o de Jesus, na regi\u00e3o sul. No local foram instalados 11 postes com rede de distribui\u00e7\u00e3o de m\u00e9dia e baixa tens\u00e3o, al\u00e9m de l\u00e2mpadas a vapor de s\u00f3dio de 150 watts, com lumin\u00e1rias modernas e eficientes. [&hellip;]<\/p>\n","protected":false},"author":96,"featured_media":113391,"comment_status":"closed","ping_status":"closed","sticky":false,"template":"","format":"standard","meta":{"footnotes":""},"categories":[253,436,439],"tags":[],"class_list":["post-113390","post","type-post","status-publish","format-standard","has-post-thumbnail","hentry","category-cidade","category-destaque-da-semana","category-ultima-hora"],"_links":{"self":[{"href":"https:\/\/diarioregionaldigital.com.br\/index.php?rest_route=\/wp\/v2\/posts\/113390","targetHints":{"allow":["GET"]}}],"collection":[{"href":"https:\/\/diarioregionaldigital.com.br\/index.php?rest_route=\/wp\/v2\/posts"}],"about":[{"href":"https:\/\/diarioregionaldigital.com.br\/index.php?rest_route=\/wp\/v2\/types\/post"}],"author":[{"embeddable":true,"href":"https:\/\/diarioregionaldigital.com.br\/index.php?rest_route=\/wp\/v2\/users\/96"}],"replies":[{"embeddable":true,"href":"https:\/\/diarioregionaldigital.com.br\/index.php?rest_route=%2Fwp%2Fv2%2Fcomments&post=113390"}],"version-history":[{"count":0,"href":"https:\/\/diarioregionaldigital.com.br\/index.php?rest_route=\/wp\/v2\/posts\/113390\/revisions"}],"wp:featuredmedia":[{"embeddable":true,"href":"https:\/\/diarioregionaldigital.com.br\/index.php?rest_route=\/wp\/v2\/media\/113391"}],"wp:attachment":[{"href":"https:\/\/diarioregionaldigital.com.br\/index.php?rest_route=%2Fwp%2Fv2%2Fmedia&parent=113390"}],"wp:term":[{"taxonomy":"category","embeddable":true,"href":"https:\/\/diarioregionaldigital.com.br\/index.php?rest_route=%2Fwp%2Fv2%2Fcategories&post=113390"},{"taxonomy":"post_tag","embeddable":true,"href":"https:\/\/diarioregionaldigital.com.br\/index.php?rest_route=%2Fwp%2Fv2%2Ftags&post=113390"}],"curies":[{"name":"wp","href":"https:\/\/api.w.org\/{rel}","templated":true}]}}