{"id":113282,"date":"2018-07-30T16:11:14","date_gmt":"2018-07-30T19:11:14","guid":{"rendered":"http:\/\/diarioregionaljf.com.br\/?p=113282"},"modified":"2018-07-31T10:40:55","modified_gmt":"2018-07-31T13:40:55","slug":"semifinal","status":"publish","type":"post","link":"https:\/\/diarioregionaldigital.com.br\/?p=113282","title":{"rendered":"Participe da semifinal do Premium FM Festival"},"content":{"rendered":"<p>A semifinal do Premium FM Festival j\u00e1 tem data marcada! No dia 25 de agosto \u00e0 partir das 16h o MHall ser\u00e1 invadido por muita m\u00fasica de qualidade. Al\u00e9m das m\u00fasicas classificadas nas eliminat\u00f3ria, fazem parte da semifinal as bandas que n\u00e3o se classificaram nas eliminat\u00f3rias, mas passaram pela reclassifica\u00e7\u00e3o de pontos.<\/p>\n<p>Confira todas as bandas e artistas semifinalistas do festival:<\/p>\n<p>Banda\u00a0<a href=\"https:\/\/www.facebook.com\/bandact\/\" target=\"_blank\" rel=\"noopener\">Contratempo<\/a>\u00a0&#8211; &#8220;Novas Dire\u00e7\u00f5es&#8221;<br \/>\nBanda\u00a0<a href=\"https:\/\/www.facebook.com\/bandablend87\/\" target=\"_blank\" rel=\"noopener\">Blend 87<\/a>\u00a0&#8211; &#8220;Mal se tem um tempo pra can\u00e7\u00e3o&#8221;<br \/>\nBanda\u00a0<a href=\"https:\/\/www.facebook.com\/condenadoslivres\/\" target=\"_blank\" rel=\"noopener\">Condenados Livres<\/a>\u00a0&#8211; &#8220;Centelhas&#8221;<br \/>\nBanda\u00a0<a href=\"https:\/\/www.facebook.com\/subefeito\/\" target=\"_blank\" rel=\"noopener\">Subefeito<\/a>\u00a0&#8211; &#8220;Dizer o que tem que ser dito&#8221;<br \/>\nBanda\u00a0<a href=\"https:\/\/www.facebook.com\/ConClavee\/\" target=\"_blank\" rel=\"noopener\">Conclave \u00b2\u00b3<\/a>-&#8220;O pr\u00f3prio medo&#8221;<br \/>\n<a href=\"https:\/\/www.facebook.com\/GabrielaMaraOficial\/\" target=\"_blank\" rel=\"noopener\">Gabriela Mara<\/a>\u00a0&#8211; &#8220;Verdades&#8221;<br \/>\n<a href=\"https:\/\/www.facebook.com\/estevao.educadormusical\/\" target=\"_blank\" rel=\"noopener\">Est\u00eav\u00e3o Maciel<\/a>l &#8211; &#8220;Ca\u00e7ador de Rios&#8221;<br \/>\nBanda\u00a0<a href=\"https:\/\/www.facebook.com\/bandamindblow\/\" target=\"_blank\" rel=\"noopener\">Mind Blow<\/a>\u00a0&#8211; &#8220;Nunca volte para mim&#8221;<br \/>\n<a href=\"https:\/\/www.facebook.com\/laurajannuzzioficial\/\" target=\"_blank\" rel=\"noopener\">Laura Jannuzzi<\/a>\u00a0&#8211; &#8220;Blim Blom&#8221;<br \/>\nBanda\u00a0<a href=\"https:\/\/www.facebook.com\/megustaxagusta\/\" target=\"_blank\" rel=\"noopener\">Me Gusta Xagusta<\/a>\u00a0&#8211; &#8220;Calos&#8221;<br \/>\n<a href=\"https:\/\/www.facebook.com\/guidodelduca\/\" target=\"_blank\" rel=\"noopener\">Guido Del&#8217; Duca<\/a>\u00a0-&#8220;Amor do Futuro&#8221;<br \/>\nBanda\u00a0<a href=\"https:\/\/www.facebook.com\/bandaraizdolotus\/\" target=\"_blank\" rel=\"noopener\">Raiz do L\u00f3tus<\/a>\u00a0&#8211; &#8220;Juro que eh&#8221;<br \/>\n<a href=\"https:\/\/www.facebook.com\/claudiokaz\/\" target=\"_blank\" rel=\"noopener\">Cl\u00e1udio Kaz<\/a>\u00a0&#8211; &#8220;S\u00f3 com voc\u00ea&#8221;<br \/>\nDuo\u00a0<a href=\"https:\/\/www.facebook.com\/Sil-andrade-driano-barboza-425761080922645\/\" target=\"_blank\" rel=\"noopener\">Sil andrade driano barboza<\/a>\u00a0&#8211; &#8220;Fragmentos&#8221;<br \/>\nBanda\u00a0<a href=\"https:\/\/www.facebook.com\/pilantragemoficial\/\" target=\"_blank\" rel=\"noopener\">Pilantragem<\/a>\u00a0&#8211; &#8220;Cisco no olho&#8221;<br \/>\nBanda\u00a0<a href=\"https:\/\/www.facebook.com\/DrXarah-713393999052140\/\" target=\"_blank\" rel=\"noopener\">Dr.Xarah<\/a>\u00a0&#8211; &#8220;Minha Paz&#8221;<\/p>\n<p>A vota\u00e7\u00e3o pelo Facebook j\u00e1 est\u00e1 rolando e voc\u00ea pode votar em sua m\u00fasica preferida acessando a p\u00e1gina da <a href=\"https:\/\/facebook.com\/radiopremiumfm\/\">Premium FM 107,7\u00a0<\/a>no Facebook encontre no feed de not\u00edcias os v\u00eddeos oficiais e d\u00ea o seu like em sua escolhida. Agora se voc\u00ea quiser participar da Grande Semifinal j\u00e1 pode adquirir seu ingresso com os integrantes de cada banda ou em nossos pontos de venda:<\/p>\n<p><span class=\"_5mfr _47e3\"><img loading=\"lazy\" decoding=\"async\" class=\"img\" role=\"presentation\" src=\"https:\/\/static.xx.fbcdn.net\/images\/emoji.php\/v9\/fc6\/1\/16\/1f6a9.png\" alt=\"\" width=\"16\" height=\"16\" \/>\u00a0<\/span>Adquira seu ingresso na loja\u00a0<a class=\"profileLink\" href=\"https:\/\/www.facebook.com\/ProntaEntregaTodoDia\/?fref=mentions\" data-hovercard=\"\/ajax\/hovercard\/page.php?id=145304642317466&amp;extragetparams=%7B%22fref%22%3A%22mentions%22%7D\" data-hovercard-prefer-more-content-show=\"1\">Pronta Entrega Todo Dia (<\/a>Galeria General Roberto Neves 30\/211 &#8211; Centro.)<\/p>\n<p><span class=\"_5mfr _47e3\"><img loading=\"lazy\" decoding=\"async\" class=\"img\" role=\"presentation\" src=\"https:\/\/static.xx.fbcdn.net\/images\/emoji.php\/v9\/faa\/1\/16\/1f310.png\" alt=\"\" width=\"16\" height=\"16\" \/>\u00a0Ou pela loja<\/span>\u00a0online &#8211;\u00a0<a href=\"https:\/\/bit.ly\/2NpMvqv\" target=\"_blank\" rel=\"noopener nofollow\" data-ft=\"{&quot;tn&quot;:&quot;-U&quot;}\" data-lynx-mode=\"asynclazy\" data-lynx-uri=\"https:\/\/l.facebook.com\/l.php?u=https%3A%2F%2Fbit.ly%2F2NpMvqv&amp;h=AT3_YYFwQ-P2Yu8vLzBFHDbCr3mlV7efHkSm_r8S8mTcWcQVMiuQ9_hY0N4cvCqvG6fv5BROUccAz7Ue2Y6WFXgeqW-kVAaG4SY1kAG6Hqg0og-EgfYwGm1DTLh0_xQS_oR1xxSHX8n2VlIWZEexStgK_Q\">https:\/\/bit.ly\/2NpMvqv<\/a><\/p>\n","protected":false},"excerpt":{"rendered":"<p>A semifinal do Premium FM Festival j\u00e1 tem data marcada! No dia 25 de agosto \u00e0 partir das 16h o MHall ser\u00e1 invadido por muita m\u00fasica de qualidade. Al\u00e9m das m\u00fasicas classificadas nas eliminat\u00f3ria, fazem parte da semifinal as bandas que n\u00e3o se classificaram nas eliminat\u00f3rias, mas passaram pela reclassifica\u00e7\u00e3o de pontos. Confira todas as [&hellip;]<\/p>\n","protected":false},"author":96,"featured_media":113377,"comment_status":"closed","ping_status":"closed","sticky":false,"template":"","format":"standard","meta":{"footnotes":""},"categories":[434,443,439],"tags":[],"class_list":["post-113282","post","type-post","status-publish","format-standard","has-post-thumbnail","hentry","category-blog","category-premium-festival","category-ultima-hora"],"_links":{"self":[{"href":"https:\/\/diarioregionaldigital.com.br\/index.php?rest_route=\/wp\/v2\/posts\/113282","targetHints":{"allow":["GET"]}}],"collection":[{"href":"https:\/\/diarioregionaldigital.com.br\/index.php?rest_route=\/wp\/v2\/posts"}],"about":[{"href":"https:\/\/diarioregionaldigital.com.br\/index.php?rest_route=\/wp\/v2\/types\/post"}],"author":[{"embeddable":true,"href":"https:\/\/diarioregionaldigital.com.br\/index.php?rest_route=\/wp\/v2\/users\/96"}],"replies":[{"embeddable":true,"href":"https:\/\/diarioregionaldigital.com.br\/index.php?rest_route=%2Fwp%2Fv2%2Fcomments&post=113282"}],"version-history":[{"count":0,"href":"https:\/\/diarioregionaldigital.com.br\/index.php?rest_route=\/wp\/v2\/posts\/113282\/revisions"}],"wp:featuredmedia":[{"embeddable":true,"href":"https:\/\/diarioregionaldigital.com.br\/index.php?rest_route=\/wp\/v2\/media\/113377"}],"wp:attachment":[{"href":"https:\/\/diarioregionaldigital.com.br\/index.php?rest_route=%2Fwp%2Fv2%2Fmedia&parent=113282"}],"wp:term":[{"taxonomy":"category","embeddable":true,"href":"https:\/\/diarioregionaldigital.com.br\/index.php?rest_route=%2Fwp%2Fv2%2Fcategories&post=113282"},{"taxonomy":"post_tag","embeddable":true,"href":"https:\/\/diarioregionaldigital.com.br\/index.php?rest_route=%2Fwp%2Fv2%2Ftags&post=113282"}],"curies":[{"name":"wp","href":"https:\/\/api.w.org\/{rel}","templated":true}]}}