{"id":113278,"date":"2018-07-30T15:44:21","date_gmt":"2018-07-30T18:44:21","guid":{"rendered":"http:\/\/diarioregionaljf.com.br\/?p=113278"},"modified":"2018-07-30T15:44:21","modified_gmt":"2018-07-30T18:44:21","slug":"projeto-diversao-no-parque-leva-500-criancas-ao-lajinha","status":"publish","type":"post","link":"https:\/\/diarioregionaldigital.com.br\/?p=113278","title":{"rendered":"Projeto \u201cDivers\u00e3o no Parque\u201d leva 500 crian\u00e7as ao Lajinha"},"content":{"rendered":"<p>Aproximadamente 500 crian\u00e7as participaram da primeira edi\u00e7\u00e3o do projeto \u201cDivers\u00e3o no Parque\u201d, no s\u00e1bado, 28, no Parque Natural Municipal da Lajinha. No local foram realizadas diversas atividades esportivas, recreativas, art\u00edsticas e culturais. A iniciativa foi da Secretaria de Meio Ambiente (SMA) da Prefeitura de Juiz de Fora (PJF), com o Instituto Estadual de Florestas (IEF) e apoio de \u201cTia Nara e Cia\u201d.<\/p>\n<p>A programa\u00e7\u00e3o incluiu caminhada ecol\u00f3gica, estande demonstrativo do Centro de Triagem de Animais Silvestres de Juiz de Fora (Cetas\/JF), recrea\u00e7\u00e3o com \u201cTia Nara e Cia\u201d, rolamento e atividade de relaxamento com a Guarda Municipal (GM), slackline, show musical com Gabriela Mara, pula-pula para crian\u00e7as e o \u201cTeatro de Fantoches: Deng\u00e3o e sua Turma no Combate ao Mosquito da Dengue\u201d, com a equipe de Vigil\u00e2ncia em Sa\u00fade.<\/p>\n<p><b>O parque<\/b><\/p>\n<p>O Parque da Lajinha possui aproximadamente 86 hectares, em sua maioria com vegeta\u00e7\u00e3o nativa, sendo 10% desta \u00e1rea de acesso ao p\u00fablico. O local conta com coreto, bonde, quiosque, viveiro de plantas, lago, cachoeira, trilhas e jardins, que comp\u00f5em a diversidade de atrativos naturais para o lazer ativo e o contemplativo.<\/p>\n<p>&nbsp;<\/p>\n<p>Fonte: Assessoria PJF<\/p>\n","protected":false},"excerpt":{"rendered":"<p>Aproximadamente 500 crian\u00e7as participaram da primeira edi\u00e7\u00e3o do projeto \u201cDivers\u00e3o no Parque\u201d, no s\u00e1bado, 28, no Parque Natural Municipal da Lajinha. No local foram realizadas diversas atividades esportivas, recreativas, art\u00edsticas e culturais. A iniciativa foi da Secretaria de Meio Ambiente (SMA) da Prefeitura de Juiz de Fora (PJF), com o Instituto Estadual de Florestas (IEF) [&hellip;]<\/p>\n","protected":false},"author":96,"featured_media":113279,"comment_status":"closed","ping_status":"closed","sticky":false,"template":"","format":"standard","meta":{"footnotes":""},"categories":[253,439],"tags":[],"class_list":["post-113278","post","type-post","status-publish","format-standard","has-post-thumbnail","hentry","category-cidade","category-ultima-hora"],"_links":{"self":[{"href":"https:\/\/diarioregionaldigital.com.br\/index.php?rest_route=\/wp\/v2\/posts\/113278","targetHints":{"allow":["GET"]}}],"collection":[{"href":"https:\/\/diarioregionaldigital.com.br\/index.php?rest_route=\/wp\/v2\/posts"}],"about":[{"href":"https:\/\/diarioregionaldigital.com.br\/index.php?rest_route=\/wp\/v2\/types\/post"}],"author":[{"embeddable":true,"href":"https:\/\/diarioregionaldigital.com.br\/index.php?rest_route=\/wp\/v2\/users\/96"}],"replies":[{"embeddable":true,"href":"https:\/\/diarioregionaldigital.com.br\/index.php?rest_route=%2Fwp%2Fv2%2Fcomments&post=113278"}],"version-history":[{"count":0,"href":"https:\/\/diarioregionaldigital.com.br\/index.php?rest_route=\/wp\/v2\/posts\/113278\/revisions"}],"wp:featuredmedia":[{"embeddable":true,"href":"https:\/\/diarioregionaldigital.com.br\/index.php?rest_route=\/wp\/v2\/media\/113279"}],"wp:attachment":[{"href":"https:\/\/diarioregionaldigital.com.br\/index.php?rest_route=%2Fwp%2Fv2%2Fmedia&parent=113278"}],"wp:term":[{"taxonomy":"category","embeddable":true,"href":"https:\/\/diarioregionaldigital.com.br\/index.php?rest_route=%2Fwp%2Fv2%2Fcategories&post=113278"},{"taxonomy":"post_tag","embeddable":true,"href":"https:\/\/diarioregionaldigital.com.br\/index.php?rest_route=%2Fwp%2Fv2%2Ftags&post=113278"}],"curies":[{"name":"wp","href":"https:\/\/api.w.org\/{rel}","templated":true}]}}