{"id":113273,"date":"2018-07-30T15:32:24","date_gmt":"2018-07-30T18:32:24","guid":{"rendered":"http:\/\/diarioregionaljf.com.br\/?p=113273"},"modified":"2018-07-30T15:32:24","modified_gmt":"2018-07-30T18:32:24","slug":"rede-de-drenagem-esta-em-construcao-no-bairro-de-lourdes","status":"publish","type":"post","link":"https:\/\/diarioregionaldigital.com.br\/?p=113273","title":{"rendered":"Rede de drenagem est\u00e1 em constru\u00e7\u00e3o no Bairro de Lourdes"},"content":{"rendered":"<p>Os moradores da Rua Alzira Garcia, no Bairro de Lourdes, regi\u00e3o sudeste, j\u00e1 podem respirar aliviados. Al\u00e9m das obras de conten\u00e7\u00e3o j\u00e1 finalizadas, est\u00e1 em constru\u00e7\u00e3o uma rede de drenagem com 110 metros de comprimento, que faz parte do contrato de obras de conten\u00e7\u00e3o, que vai atender, tamb\u00e9m, \u00e0s ruas Domingos Del Duca e Florentina Garcia, com mais 600 metros de rede. Al\u00e9m disso, j\u00e1 foram constru\u00eddas na regi\u00e3o redes de drenagem nas ruas Florentina Garcia e Jos\u00e9 Francisco Garcia, em contrato anterior. Com a conclus\u00e3o das obras, a regi\u00e3o ter\u00e1 mais seguran\u00e7a no per\u00edodo chuvoso, com a melhora no escoamento da \u00e1gua da chuva, atrav\u00e9s das novas redes.<\/p>\n<p>Nos bairros Carlos Chagas, Jardim Natal e Linhares, onde tamb\u00e9m est\u00e3o em andamento obras de conten\u00e7\u00e3o, novas redes de drenagem ser\u00e3o constru\u00eddas. No Carlos Chagas ser\u00e3o cem metros na Rua Chico Humait\u00e1; no Jardim Natal, 520 metros, nas ruas Miguel Marcos Peres e Severino de Andrade Campos; no Linhares, 280 metros, nas ruas Vera L\u00facia e Roberto Hargreaves.<\/p>\n<p>&nbsp;<\/p>\n<p>&nbsp;<\/p>\n<p>Fonte: Assessoria PJF<\/p>\n","protected":false},"excerpt":{"rendered":"<p>Os moradores da Rua Alzira Garcia, no Bairro de Lourdes, regi\u00e3o sudeste, j\u00e1 podem respirar aliviados. Al\u00e9m das obras de conten\u00e7\u00e3o j\u00e1 finalizadas, est\u00e1 em constru\u00e7\u00e3o uma rede de drenagem com 110 metros de comprimento, que faz parte do contrato de obras de conten\u00e7\u00e3o, que vai atender, tamb\u00e9m, \u00e0s ruas Domingos Del Duca e Florentina [&hellip;]<\/p>\n","protected":false},"author":96,"featured_media":113275,"comment_status":"closed","ping_status":"closed","sticky":false,"template":"","format":"standard","meta":{"footnotes":""},"categories":[253,439],"tags":[],"class_list":["post-113273","post","type-post","status-publish","format-standard","has-post-thumbnail","hentry","category-cidade","category-ultima-hora"],"_links":{"self":[{"href":"https:\/\/diarioregionaldigital.com.br\/index.php?rest_route=\/wp\/v2\/posts\/113273","targetHints":{"allow":["GET"]}}],"collection":[{"href":"https:\/\/diarioregionaldigital.com.br\/index.php?rest_route=\/wp\/v2\/posts"}],"about":[{"href":"https:\/\/diarioregionaldigital.com.br\/index.php?rest_route=\/wp\/v2\/types\/post"}],"author":[{"embeddable":true,"href":"https:\/\/diarioregionaldigital.com.br\/index.php?rest_route=\/wp\/v2\/users\/96"}],"replies":[{"embeddable":true,"href":"https:\/\/diarioregionaldigital.com.br\/index.php?rest_route=%2Fwp%2Fv2%2Fcomments&post=113273"}],"version-history":[{"count":0,"href":"https:\/\/diarioregionaldigital.com.br\/index.php?rest_route=\/wp\/v2\/posts\/113273\/revisions"}],"wp:featuredmedia":[{"embeddable":true,"href":"https:\/\/diarioregionaldigital.com.br\/index.php?rest_route=\/wp\/v2\/media\/113275"}],"wp:attachment":[{"href":"https:\/\/diarioregionaldigital.com.br\/index.php?rest_route=%2Fwp%2Fv2%2Fmedia&parent=113273"}],"wp:term":[{"taxonomy":"category","embeddable":true,"href":"https:\/\/diarioregionaldigital.com.br\/index.php?rest_route=%2Fwp%2Fv2%2Fcategories&post=113273"},{"taxonomy":"post_tag","embeddable":true,"href":"https:\/\/diarioregionaldigital.com.br\/index.php?rest_route=%2Fwp%2Fv2%2Ftags&post=113273"}],"curies":[{"name":"wp","href":"https:\/\/api.w.org\/{rel}","templated":true}]}}