{"id":113270,"date":"2018-07-30T15:22:10","date_gmt":"2018-07-30T18:22:10","guid":{"rendered":"http:\/\/diarioregionaljf.com.br\/?p=113270"},"modified":"2018-07-30T15:22:10","modified_gmt":"2018-07-30T18:22:10","slug":"instalacao-de-macromedidor-em-francisco-bernardino-pode-afetar-abastecimento-de-agua","status":"publish","type":"post","link":"https:\/\/diarioregionaldigital.com.br\/?p=113270","title":{"rendered":"Instala\u00e7\u00e3o de macromedidor em Francisco Bernardino pode afetar abastecimento de \u00e1gua"},"content":{"rendered":"<p>Nesta ter\u00e7a-feira, 31, de 8 \u00e0s 12 horas, a Companhia de Saneamento Municipal (Cesama) instalar\u00e1 um macromedidor de vaz\u00e3o de \u00e1gua na suc\u00e7\u00e3o na rede da esta\u00e7\u00e3o elevat\u00f3ria Nossa Senhora da Paz, no Bairro Francisco Bernardino. Para a execu\u00e7\u00e3o dos trabalhos ser\u00e1 necess\u00e1rio interromper o fornecimento de \u00e1gua no local, podendo afetar o abastecimento nos bairros Nossa Senhora da Paz, Encosta do Sol, Milho Branco, Amaz\u00f4nia, Fontesville 1 e 2, Fazendinhas Belo Vale e Pedra Bonita.<\/p>\n<p>A Cesama conta com a compreens\u00e3o da popula\u00e7\u00e3o e orienta aos moradores para que economizem \u00e1gua, que voltar\u00e1 a ser fornecida assim que os trabalhos forem finalizados. A previs\u00e3o \u00e9 de que o abastecimento seja restabelecido at\u00e9 a noite desta ter\u00e7a-feira.<\/p>\n<p>&nbsp;<\/p>\n<p>Fonte: Assessoria PJF<br \/>\n.<\/p>\n","protected":false},"excerpt":{"rendered":"<p>Nesta ter\u00e7a-feira, 31, de 8 \u00e0s 12 horas, a Companhia de Saneamento Municipal (Cesama) instalar\u00e1 um macromedidor de vaz\u00e3o de \u00e1gua na suc\u00e7\u00e3o na rede da esta\u00e7\u00e3o elevat\u00f3ria Nossa Senhora da Paz, no Bairro Francisco Bernardino. Para a execu\u00e7\u00e3o dos trabalhos ser\u00e1 necess\u00e1rio interromper o fornecimento de \u00e1gua no local, podendo afetar o abastecimento nos [&hellip;]<\/p>\n","protected":false},"author":96,"featured_media":113271,"comment_status":"closed","ping_status":"closed","sticky":false,"template":"","format":"standard","meta":{"footnotes":""},"categories":[253,440,439],"tags":[],"class_list":["post-113270","post","type-post","status-publish","format-standard","has-post-thumbnail","hentry","category-cidade","category-destaques-do-dia","category-ultima-hora"],"_links":{"self":[{"href":"https:\/\/diarioregionaldigital.com.br\/index.php?rest_route=\/wp\/v2\/posts\/113270","targetHints":{"allow":["GET"]}}],"collection":[{"href":"https:\/\/diarioregionaldigital.com.br\/index.php?rest_route=\/wp\/v2\/posts"}],"about":[{"href":"https:\/\/diarioregionaldigital.com.br\/index.php?rest_route=\/wp\/v2\/types\/post"}],"author":[{"embeddable":true,"href":"https:\/\/diarioregionaldigital.com.br\/index.php?rest_route=\/wp\/v2\/users\/96"}],"replies":[{"embeddable":true,"href":"https:\/\/diarioregionaldigital.com.br\/index.php?rest_route=%2Fwp%2Fv2%2Fcomments&post=113270"}],"version-history":[{"count":0,"href":"https:\/\/diarioregionaldigital.com.br\/index.php?rest_route=\/wp\/v2\/posts\/113270\/revisions"}],"wp:featuredmedia":[{"embeddable":true,"href":"https:\/\/diarioregionaldigital.com.br\/index.php?rest_route=\/wp\/v2\/media\/113271"}],"wp:attachment":[{"href":"https:\/\/diarioregionaldigital.com.br\/index.php?rest_route=%2Fwp%2Fv2%2Fmedia&parent=113270"}],"wp:term":[{"taxonomy":"category","embeddable":true,"href":"https:\/\/diarioregionaldigital.com.br\/index.php?rest_route=%2Fwp%2Fv2%2Fcategories&post=113270"},{"taxonomy":"post_tag","embeddable":true,"href":"https:\/\/diarioregionaldigital.com.br\/index.php?rest_route=%2Fwp%2Fv2%2Ftags&post=113270"}],"curies":[{"name":"wp","href":"https:\/\/api.w.org\/{rel}","templated":true}]}}