{"id":113265,"date":"2018-07-30T14:45:40","date_gmt":"2018-07-30T17:45:40","guid":{"rendered":"http:\/\/diarioregionaljf.com.br\/?p=113265"},"modified":"2018-07-30T14:45:40","modified_gmt":"2018-07-30T17:45:40","slug":"adesao-a-lista-de-espera-do-prouni-esta-aberta-ate-esta-terca-feira","status":"publish","type":"post","link":"https:\/\/diarioregionaldigital.com.br\/?p=113265","title":{"rendered":"Ades\u00e3o \u00e0 lista de espera do ProUni est\u00e1 aberta at\u00e9 esta ter\u00e7a-feira"},"content":{"rendered":"<p>Os estudantes que n\u00e3o foram pr\u00e9-selecionados para as bolsas do Programa Universidade para Todos (ProUni) do segundo semestre de 2018 podem aderir \u00e0 lista de espera a partir dessa segunda-feira, 30. A ades\u00e3o deve ser feita no site do programa at\u00e9 esta ter\u00e7a-feira, 31. A lista de espera ser\u00e1 usada pelas institui\u00e7\u00f5es de ensino para ocupar as bolsas que n\u00e3o foram preenchidas na primeira e segunda chamadas do ProUni.<\/p>\n<p>A rela\u00e7\u00e3o dos candidatos participantes da lista ser\u00e1 divulgada no dia 2 de agosto. Os estudantes dever\u00e3o comparecer \u00e0 institui\u00e7\u00e3o de ensino entre os dias 3 e 6 de agosto para apresentar a documenta\u00e7\u00e3o que comprove as informa\u00e7\u00f5es prestadas no momento da inscri\u00e7\u00e3o.<\/p>\n<p>Pode participar da lista de espera, exclusivamente para o curso correspondente \u00e0 primeira op\u00e7\u00e3o, o candidato n\u00e3o pr\u00e9-selecionado nas chamadas regulares; o pr\u00e9-selecionado na segunda op\u00e7\u00e3o de curso, reprovado por n\u00e3o forma\u00e7\u00e3o de turma.<\/p>\n<p>Para o curso correspondente \u00e0 segunda op\u00e7\u00e3o, pode participar o candidato n\u00e3o pr\u00e9-selecionado nas chamadas regulares, na hip\u00f3tese de n\u00e3o ter ocorrido forma\u00e7\u00e3o de turma na primeira op\u00e7\u00e3o de curso; n\u00e3o pr\u00e9-selecionado nas chamadas regulares, na hip\u00f3tese de n\u00e3o haver bolsas dispon\u00edveis na primeira op\u00e7\u00e3o de curso; e o pr\u00e9-selecionado na primeira op\u00e7\u00e3o de curso, reprovado por n\u00e3o forma\u00e7\u00e3o de turma.<\/p>\n<p>O ProUni oferece bolsas de estudo em institui\u00e7\u00f5es privadas de ensino superior. Ao todo, nesse processo seletivo, ser\u00e3o ofertadas 174.289 vagas, sendo 68.884 bolsas integrais e 105.405 parciais, em 1.460 institui\u00e7\u00f5es.<\/p>\n<p>&nbsp;<\/p>\n<p>Fonte: Ag\u00eancia Brasil<\/p>\n","protected":false},"excerpt":{"rendered":"<p>Os estudantes que n\u00e3o foram pr\u00e9-selecionados para as bolsas do Programa Universidade para Todos (ProUni) do segundo semestre de 2018 podem aderir \u00e0 lista de espera a partir dessa segunda-feira, 30. A ades\u00e3o deve ser feita no site do programa at\u00e9 esta ter\u00e7a-feira, 31. A lista de espera ser\u00e1 usada pelas institui\u00e7\u00f5es de ensino para [&hellip;]<\/p>\n","protected":false},"author":96,"featured_media":113266,"comment_status":"closed","ping_status":"closed","sticky":false,"template":"","format":"standard","meta":{"footnotes":""},"categories":[302,436,439],"tags":[],"class_list":["post-113265","post","type-post","status-publish","format-standard","has-post-thumbnail","hentry","category-brasil-mundo","category-destaque-da-semana","category-ultima-hora"],"_links":{"self":[{"href":"https:\/\/diarioregionaldigital.com.br\/index.php?rest_route=\/wp\/v2\/posts\/113265","targetHints":{"allow":["GET"]}}],"collection":[{"href":"https:\/\/diarioregionaldigital.com.br\/index.php?rest_route=\/wp\/v2\/posts"}],"about":[{"href":"https:\/\/diarioregionaldigital.com.br\/index.php?rest_route=\/wp\/v2\/types\/post"}],"author":[{"embeddable":true,"href":"https:\/\/diarioregionaldigital.com.br\/index.php?rest_route=\/wp\/v2\/users\/96"}],"replies":[{"embeddable":true,"href":"https:\/\/diarioregionaldigital.com.br\/index.php?rest_route=%2Fwp%2Fv2%2Fcomments&post=113265"}],"version-history":[{"count":0,"href":"https:\/\/diarioregionaldigital.com.br\/index.php?rest_route=\/wp\/v2\/posts\/113265\/revisions"}],"wp:featuredmedia":[{"embeddable":true,"href":"https:\/\/diarioregionaldigital.com.br\/index.php?rest_route=\/wp\/v2\/media\/113266"}],"wp:attachment":[{"href":"https:\/\/diarioregionaldigital.com.br\/index.php?rest_route=%2Fwp%2Fv2%2Fmedia&parent=113265"}],"wp:term":[{"taxonomy":"category","embeddable":true,"href":"https:\/\/diarioregionaldigital.com.br\/index.php?rest_route=%2Fwp%2Fv2%2Fcategories&post=113265"},{"taxonomy":"post_tag","embeddable":true,"href":"https:\/\/diarioregionaldigital.com.br\/index.php?rest_route=%2Fwp%2Fv2%2Ftags&post=113265"}],"curies":[{"name":"wp","href":"https:\/\/api.w.org\/{rel}","templated":true}]}}