{"id":113263,"date":"2018-07-30T14:09:19","date_gmt":"2018-07-30T17:09:19","guid":{"rendered":"http:\/\/diarioregionaljf.com.br\/?p=113263"},"modified":"2018-07-30T14:09:19","modified_gmt":"2018-07-30T17:09:19","slug":"contas-publicas-ficam-negativas-em-r-13491-bilhoes-em-junho","status":"publish","type":"post","link":"https:\/\/diarioregionaldigital.com.br\/?p=113263","title":{"rendered":"Contas p\u00fablicas ficam negativas em R$ 13,491 bilh\u00f5es em junho"},"content":{"rendered":"<p>O setor p\u00fablico consolidado, formado pela Uni\u00e3o, os estados e munic\u00edpios, registrou saldo negativo nas contas p\u00fablicas em junho, de acordo com dados do Banco Central (BC), divulgados nessa segunda-feira, 30, em Bras\u00edlia.<\/p>\n<p>O d\u00e9ficit prim\u00e1rio, receitas menos despesas, sem considerar os gastos com juros, ficou em R$ 13,491 bilh\u00f5es, resultado menor do que de igual per\u00edodo de 2017, quando chegou a R$ 19,552 bilh\u00f5es.<\/p>\n<div class=\"dnd-widget-wrapper context-cheio_8colunas type-image\">\n<div class=\"dnd-atom-rendered\"><\/div>\n<div class=\"dnd-caption-wrapper\">\n<div class=\"meta\"><span style=\"color: #565656; font-size: 15px; line-height: 1.5;\">O d\u00e9ficit prim\u00e1rio de junho foi o menor resultado para o m\u00eas desde 2016, quando ficou em R$ 10,1 bilh\u00f5es.<\/span><\/div>\n<\/div>\n<\/div>\n<p>De acordo com o chefe adjunto do Departamento de Estat\u00edsticas do BC, Fernando Lemos, \u201ca evolu\u00e7\u00e3o das contas do setor p\u00fablico vem sendo bem positiva\u201d. \u201cA principal raz\u00e3o dessa melhora, em junho, foi o incremento de 2% nas receitas e retrata\u00e7\u00e3o de 1,1 nas despesas\u201d, disse Lemos.<\/p>\n<p>Em junho, o resultado negativo veio do Governo Central (Previd\u00eancia, Banco Central e Tesouro Nacional), que apresentou d\u00e9ficit prim\u00e1rio de R$ 14,951 bilh\u00f5es.<\/p>\n<p>Desse resultado, a maior parte veio da Previd\u00eancia, com d\u00e9ficit de R$ 14,513 bilh\u00f5es. Por outro lado, os governos estaduais e municipais anotaram saldo positivo.<\/p>\n<h5>Empresas t\u00eam super\u00e1vit<\/h5>\n<p>Os governos estaduais tiveram super\u00e1vit prim\u00e1rio de R$ 6 milh\u00f5es, e os municipais, de R$ 347 milh\u00f5es. As empresas estatais federais, estaduais e municipais, exclu\u00eddas as dos grupos Petrobras e Eletrobras, registraram super\u00e1vit prim\u00e1rio de R$ 1,107 bilh\u00e3o no m\u00eas passado.<\/p>\n<p>No primeiro semestre, houve d\u00e9ficit prim\u00e1rio de R$ 14,424 bilh\u00f5es, contra resultado tamb\u00e9m negativo de R$ 35,183 bilh\u00f5es em igual per\u00edodo de 2017.<\/p>\n<p>Em 12 meses encerrados em junho, as contas p\u00fablicas ficaram com saldo negativo de R$ 89,823 bilh\u00f5es, o que corresponde a 1,34% do Produto Interno Bruto (PIB), a soma de todos os bens e servi\u00e7os produzidos no pa\u00eds.<\/p>\n<p>A meta para o setor p\u00fablico consolidado \u00e9 de um d\u00e9ficit de R$ 161,3 bilh\u00f5es neste ano. Os gastos com juros ficaram em R$ 44,450 bilh\u00f5es em junho, contra R$ 31,511 bilh\u00f5es no mesmo m\u00eas de 2017.<\/p>\n<p>De janeiro a junho, essas despesas chegaram a R$ 202,976 bilh\u00f5es, contra R$ 206,584 bilh\u00f5es em igual per\u00edodo de 2017. Em 12 meses encerrados em junho, os gastos com juros somaram R$ 397,217 bilh\u00f5es, o que corresponde a 5,94% do PIB.<\/p>\n<p>O d\u00e9ficit nominal, formado pelo resultado prim\u00e1rio e os resultados dos juros, atingiu R$ 57,941 bilh\u00f5es no m\u00eas passado ante R$ 51,063 bilh\u00f5es de junho de 2017.<\/p>\n<p>No primeiro semestre, o resultado negativo ficou em R$ 217,4 bilh\u00f5es, ante R$ 241,767 bilh\u00f5es em igual per\u00edodo do ano passado. Em 12 meses, o d\u00e9ficit nominal ficou em R$ 487,041 bilh\u00f5es, o que corresponde a 7,28% do PIB.<\/p>\n<h5>D\u00edvida p\u00fablica<\/h5>\n<p>A d\u00edvida l\u00edquida do setor p\u00fablico (balan\u00e7o entre o total de cr\u00e9ditos e d\u00e9bitos dos governos federal, estaduais e municipais) chegou a R$ 3,440 trilh\u00f5es em junho, o que corresponde 51,4% do PIB, com aumento em rela\u00e7\u00e3o a maio (51,3% do PIB).<\/p>\n<p>No ano, a d\u00edvida l\u00edquida em rela\u00e7\u00e3o ao PIB recuou 0,2 ponto percentual. Segundo o BC, essa redu\u00e7\u00e3o ocorreu principalmente por conta da alta do d\u00f3lar, acumulada em 16,6%.<\/p>\n<p>A d\u00edvida p\u00fablica cai quando h\u00e1 alta do d\u00f3lar, porque as reservas internacionais, o principal ativo do pa\u00eds, s\u00e3o feitas de moeda estrangeira.<\/p>\n<p>Em junho, a d\u00edvida bruta &#8211; que contabiliza apenas os passivos dos governos federal, estaduais e municipais &#8211; chegou a R$ 5,165 trilh\u00f5es ou 77,2% do PIB, com crescimento de 0,1 ponto percentual em rela\u00e7\u00e3o a maio.<\/p>\n<p>&nbsp;<\/p>\n<p>Fonte: Ag\u00eancia Brasil<\/p>\n","protected":false},"excerpt":{"rendered":"<p>O setor p\u00fablico consolidado, formado pela Uni\u00e3o, os estados e munic\u00edpios, registrou saldo negativo nas contas p\u00fablicas em junho, de acordo com dados do Banco Central (BC), divulgados nessa segunda-feira, 30, em Bras\u00edlia. O d\u00e9ficit prim\u00e1rio, receitas menos despesas, sem considerar os gastos com juros, ficou em R$ 13,491 bilh\u00f5es, resultado menor do que de [&hellip;]<\/p>\n","protected":false},"author":96,"featured_media":109480,"comment_status":"closed","ping_status":"closed","sticky":false,"template":"","format":"standard","meta":{"footnotes":""},"categories":[436,261,439],"tags":[],"class_list":["post-113263","post","type-post","status-publish","format-standard","has-post-thumbnail","hentry","category-destaque-da-semana","category-economia","category-ultima-hora"],"_links":{"self":[{"href":"https:\/\/diarioregionaldigital.com.br\/index.php?rest_route=\/wp\/v2\/posts\/113263","targetHints":{"allow":["GET"]}}],"collection":[{"href":"https:\/\/diarioregionaldigital.com.br\/index.php?rest_route=\/wp\/v2\/posts"}],"about":[{"href":"https:\/\/diarioregionaldigital.com.br\/index.php?rest_route=\/wp\/v2\/types\/post"}],"author":[{"embeddable":true,"href":"https:\/\/diarioregionaldigital.com.br\/index.php?rest_route=\/wp\/v2\/users\/96"}],"replies":[{"embeddable":true,"href":"https:\/\/diarioregionaldigital.com.br\/index.php?rest_route=%2Fwp%2Fv2%2Fcomments&post=113263"}],"version-history":[{"count":0,"href":"https:\/\/diarioregionaldigital.com.br\/index.php?rest_route=\/wp\/v2\/posts\/113263\/revisions"}],"wp:featuredmedia":[{"embeddable":true,"href":"https:\/\/diarioregionaldigital.com.br\/index.php?rest_route=\/wp\/v2\/media\/109480"}],"wp:attachment":[{"href":"https:\/\/diarioregionaldigital.com.br\/index.php?rest_route=%2Fwp%2Fv2%2Fmedia&parent=113263"}],"wp:term":[{"taxonomy":"category","embeddable":true,"href":"https:\/\/diarioregionaldigital.com.br\/index.php?rest_route=%2Fwp%2Fv2%2Fcategories&post=113263"},{"taxonomy":"post_tag","embeddable":true,"href":"https:\/\/diarioregionaldigital.com.br\/index.php?rest_route=%2Fwp%2Fv2%2Ftags&post=113263"}],"curies":[{"name":"wp","href":"https:\/\/api.w.org\/{rel}","templated":true}]}}