{"id":113156,"date":"2018-07-29T06:00:12","date_gmt":"2018-07-29T09:00:12","guid":{"rendered":"http:\/\/diarioregionaljf.com.br\/?p=113156"},"modified":"2018-08-13T20:21:03","modified_gmt":"2018-08-13T23:21:03","slug":"edital-licenca-ambiental-29-07-18","status":"publish","type":"post","link":"https:\/\/diarioregionaldigital.com.br\/?p=113156","title":{"rendered":"Edital Licen\u00e7a Ambiental 29\/07\/18"},"content":{"rendered":"<p style=\"text-align: center;\"><strong>LICEN\u00c7A AMBIENTAL<\/strong><\/p>\n<p style=\"text-align: center;\">Sagrado Urbanismo SPE Ltda CNPJ: 27.517.337\/0001-27, por determina\u00e7\u00e3o do Conselho Municipal do Meio Ambiente \u2013 COMDEMA, torna p\u00fablico que, atrav\u00e9s do Processo n\u00ba10485\/2017, solicitou Licen\u00e7a Pr\u00e9via, para parcelamento de solo urbano para fins residenciais no Bairro Sagrado Cora\u00e7\u00e3o Fazenda Pouso Alegre Neste Munic\u00edpio.<\/p>\n","protected":false},"excerpt":{"rendered":"<p>LICEN\u00c7A AMBIENTAL Sagrado Urbanismo SPE Ltda CNPJ: 27.517.337\/0001-27, por determina\u00e7\u00e3o do Conselho Municipal do Meio Ambiente \u2013 COMDEMA, torna p\u00fablico que, atrav\u00e9s do Processo n\u00ba10485\/2017, solicitou Licen\u00e7a Pr\u00e9via, para parcelamento de solo urbano para fins residenciais no Bairro Sagrado Cora\u00e7\u00e3o Fazenda Pouso Alegre Neste Munic\u00edpio.<\/p>\n","protected":false},"author":96,"featured_media":0,"comment_status":"closed","ping_status":"closed","sticky":false,"template":"","format":"standard","meta":{"footnotes":""},"categories":[307],"tags":[],"class_list":["post-113156","post","type-post","status-publish","format-standard","hentry","category-editais"],"_links":{"self":[{"href":"https:\/\/diarioregionaldigital.com.br\/index.php?rest_route=\/wp\/v2\/posts\/113156","targetHints":{"allow":["GET"]}}],"collection":[{"href":"https:\/\/diarioregionaldigital.com.br\/index.php?rest_route=\/wp\/v2\/posts"}],"about":[{"href":"https:\/\/diarioregionaldigital.com.br\/index.php?rest_route=\/wp\/v2\/types\/post"}],"author":[{"embeddable":true,"href":"https:\/\/diarioregionaldigital.com.br\/index.php?rest_route=\/wp\/v2\/users\/96"}],"replies":[{"embeddable":true,"href":"https:\/\/diarioregionaldigital.com.br\/index.php?rest_route=%2Fwp%2Fv2%2Fcomments&post=113156"}],"version-history":[{"count":0,"href":"https:\/\/diarioregionaldigital.com.br\/index.php?rest_route=\/wp\/v2\/posts\/113156\/revisions"}],"wp:attachment":[{"href":"https:\/\/diarioregionaldigital.com.br\/index.php?rest_route=%2Fwp%2Fv2%2Fmedia&parent=113156"}],"wp:term":[{"taxonomy":"category","embeddable":true,"href":"https:\/\/diarioregionaldigital.com.br\/index.php?rest_route=%2Fwp%2Fv2%2Fcategories&post=113156"},{"taxonomy":"post_tag","embeddable":true,"href":"https:\/\/diarioregionaldigital.com.br\/index.php?rest_route=%2Fwp%2Fv2%2Ftags&post=113156"}],"curies":[{"name":"wp","href":"https:\/\/api.w.org\/{rel}","templated":true}]}}