{"id":113143,"date":"2018-07-29T06:00:41","date_gmt":"2018-07-29T09:00:41","guid":{"rendered":"http:\/\/diarioregionaljf.com.br\/?p=113143"},"modified":"2018-07-27T20:14:40","modified_gmt":"2018-07-27T23:14:40","slug":"mestranda-da-ufjf-lanca-livro-no-inverno-cultural-em-sao-joao-del-rei","status":"publish","type":"post","link":"https:\/\/diarioregionaldigital.com.br\/?p=113143","title":{"rendered":"Mestranda da UFJF lan\u00e7a livro no Inverno Cultural em S\u00e3o Jo\u00e3o del-Rei"},"content":{"rendered":"<p>De forma independente, o livro P\u00e1ssaro Livre ser\u00e1 lan\u00e7ado no dia 29 de julho, \u00e0s 16h30, no Centro Cultural da Universidade Federal de S\u00e3o Jo\u00e3o del-Rei (UFSJ) &#8211; Solar da Baronesa (Rua Sebasti\u00e3o Sete, n\u00ba 155, no centro do munic\u00edpio) &#8211; pela escritora e mestranda da UFJF, Deborah Vieira, no evento Inverno Cultural promovido pela pr\u00f3pria institui\u00e7\u00e3o.<\/p>\n<p>Em seu primeiro romance publicado, a mestranda de comunica\u00e7\u00e3o nos contou que seu envolvimento com a escrita e a leitura \u00e9 desde crian\u00e7a, quando escrevia os roteiros para brincar de boneca com seus primos e amigos. \u201c\u00c9 at\u00e9 engra\u00e7ado, porque quando eu ia brincar de boneca, eu sempre escrevia os roteiros. Montavas as hist\u00f3rias e o que ia acontecer. Mas sempre foi uma brincadeira, nunca pensei \u2018nossa, ainda vou escrever um livro\u2019. Nada disso.\u201d, contou Deborah.<\/p>\n<p>A autora ainda ressaltou que a ideia da obra surgiu em um momento de questionamento e transi\u00e7\u00e3o em sua vida, quando se mudou do curso de Engenharia Mec\u00e2nica para o de Jornalismo, na UFSJ. Ela diz que toda essa experi\u00eancia e indecis\u00e3o vivida por muitas pessoas \u00e9 passada para o livro, a ideia de uma vida perfeita, mas que muitas vezes n\u00e3o acontece. \u201cA hist\u00f3ria do livro veio meio que com aquele ditado popular: a grama do vizinho \u00e9 sempre mais verde. Eu fiquei pensando \u2018ser\u00e1 que essa grama mais verde se fosse no meu jardim? Ser\u00e1 que essa vida perfeita que a gente constr\u00f3i que est\u00e1 ligado, hoje, a sucesso, dinheiro, fama&#8230; ser\u00e1 que ela realmente \u00e9 perfeita, ou ser\u00e1 que a vida que a gente tem j\u00e1 traz felicidade?\u2019. Seria mais ou menos essa ideia de perceber e come\u00e7ar a valorizar as coisas que a gente tem, apesar das dificuldades do dia a dia\u201d, explicou a escritora.<\/p>\n<p>O primeiro cap\u00edtulo do livro j\u00e1 est\u00e1 dispon\u00edvel gratuitamente no site Clube de Autores (clubedeautores.com.br). A obra completa ser\u00e1 vendida no local do lan\u00e7amento por R$34,90 e, tamb\u00e9m, online, custando o mesmo valor. A entrada para o Inverno Cultural \u00e9 gratuita.<\/p>\n<div id=\"attachment_113144\" style=\"width: 840px\" class=\"wp-caption alignnone\"><img loading=\"lazy\" decoding=\"async\" aria-describedby=\"caption-attachment-113144\" class=\"size-full wp-image-113144\" src=\"http:\/\/diarioregionaljf.com.br\/wp-content\/uploads\/2018\/07\/livro-1.jpg\" alt=\"\" width=\"830\" height=\"554\" srcset=\"https:\/\/diarioregionaldigital.com.br\/wp-content\/uploads\/2018\/07\/livro-1.jpg 830w, https:\/\/diarioregionaldigital.com.br\/wp-content\/uploads\/2018\/07\/livro-1-300x200.jpg 300w, https:\/\/diarioregionaldigital.com.br\/wp-content\/uploads\/2018\/07\/livro-1-768x513.jpg 768w, https:\/\/diarioregionaldigital.com.br\/wp-content\/uploads\/2018\/07\/livro-1-360x240.jpg 360w\" sizes=\"auto, (max-width: 830px) 100vw, 830px\" \/><p id=\"caption-attachment-113144\" class=\"wp-caption-text\">O primeiro cap\u00edtulo do livro j\u00e1 est\u00e1 dispon\u00edvel gratuitamente no site Clube de Autores. Foto:Divulga\u00e7\u00e3o\/Maristela Rosa<\/p><\/div>\n<p><strong>Sobre a hist\u00f3ria <\/strong><\/p>\n<p><em>P\u00e1ssaro Livre<\/em> \u00e9 um romance que conta a vida de Anne, uma escritora rec\u00e9m-formada em Letras, que se muda para S\u00e3o Paulo com o namorado, Daniel, na esperan\u00e7a de encontrar um emprego e se tornar uma autora reconhecida. Todavia, ela v\u00ea todos os seus planos irem pelo ralo na mesma velocidade em que suas economias acabam e seu relacionamento cai na rotina.<\/p>\n<p>Nas diversas mudan\u00e7as que acontecem em sua vida ao longo da narrativa, ela tem a oportunidade de viver uma vida aparentemente perfeita e de experimentar a \u201cgrama do vizinho\u201d, mas perceber\u00e1 que nem sempre a fic\u00e7\u00e3o \u00e9 igual \u00e0 vida real e que, o \u201chomem perfeito\u201d da vida perfeita, est\u00e1 imerso em imperfei\u00e7\u00f5es.<\/p>\n<p><strong>Lan\u00e7amento no Inverno Cultural<\/strong><\/p>\n<p>A participa\u00e7\u00e3o da jornalista no Inverno Cultural, maior programa de extens\u00e3o da Universidade, se deu pela inscri\u00e7\u00e3o da autora no edital lan\u00e7ado anualmente pela UFSJ, que \u00e9 realizado h\u00e1 30 anos. Neste ano, o evento acontece entre os dias 21 e 29 de julho.<\/p>\n<p>Deborah afirma que uma das suas dificuldades para a constru\u00e7\u00e3o da obra \u00e9 a dificuldade de divulga\u00e7\u00e3o principalmente por ser autora independente. Ela ainda diz que o evento Inverno Cultural \u00e9 uma bela forma de dar oportunidade a novos escritores de mostrarem seus trabalhos. \u201cPra mim, estar neste evento \u00e9 especial por dois motivos: primeiro, a UFSJ \u00e9 a universidade em que me formei jornalista e cheguei a trabalhar neste Inverno Cultural, em 2014, justamente na \u00e1rea de literatura, no lan\u00e7amento de livros de outros autores e conheci essa possibilidade de divulgar. Em segundo lugar, \u00e9 um evento grandioso. Eu poder lan\u00e7ar o meu livro, que eu n\u00e3o teria condi\u00e7\u00e3o de fazer sozinha, com a estrutura do Inverno Cultural, \u00e9 a chance de dar maior visibilidade para o meu trabalho\u201d, conta Vieira.<\/p>\n","protected":false},"excerpt":{"rendered":"<p>De forma independente, o livro P\u00e1ssaro Livre ser\u00e1 lan\u00e7ado no dia 29 de julho, \u00e0s 16h30, no Centro Cultural da Universidade Federal de S\u00e3o Jo\u00e3o del-Rei (UFSJ) &#8211; Solar da Baronesa (Rua Sebasti\u00e3o Sete, n\u00ba 155, no centro do munic\u00edpio) &#8211; pela escritora e mestranda da UFJF, Deborah Vieira, no evento Inverno Cultural promovido pela [&hellip;]<\/p>\n","protected":false},"author":96,"featured_media":113139,"comment_status":"closed","ping_status":"closed","sticky":false,"template":"","format":"standard","meta":{"footnotes":""},"categories":[253,440,439],"tags":[],"class_list":["post-113143","post","type-post","status-publish","format-standard","has-post-thumbnail","hentry","category-cidade","category-destaques-do-dia","category-ultima-hora"],"_links":{"self":[{"href":"https:\/\/diarioregionaldigital.com.br\/index.php?rest_route=\/wp\/v2\/posts\/113143","targetHints":{"allow":["GET"]}}],"collection":[{"href":"https:\/\/diarioregionaldigital.com.br\/index.php?rest_route=\/wp\/v2\/posts"}],"about":[{"href":"https:\/\/diarioregionaldigital.com.br\/index.php?rest_route=\/wp\/v2\/types\/post"}],"author":[{"embeddable":true,"href":"https:\/\/diarioregionaldigital.com.br\/index.php?rest_route=\/wp\/v2\/users\/96"}],"replies":[{"embeddable":true,"href":"https:\/\/diarioregionaldigital.com.br\/index.php?rest_route=%2Fwp%2Fv2%2Fcomments&post=113143"}],"version-history":[{"count":0,"href":"https:\/\/diarioregionaldigital.com.br\/index.php?rest_route=\/wp\/v2\/posts\/113143\/revisions"}],"wp:featuredmedia":[{"embeddable":true,"href":"https:\/\/diarioregionaldigital.com.br\/index.php?rest_route=\/wp\/v2\/media\/113139"}],"wp:attachment":[{"href":"https:\/\/diarioregionaldigital.com.br\/index.php?rest_route=%2Fwp%2Fv2%2Fmedia&parent=113143"}],"wp:term":[{"taxonomy":"category","embeddable":true,"href":"https:\/\/diarioregionaldigital.com.br\/index.php?rest_route=%2Fwp%2Fv2%2Fcategories&post=113143"},{"taxonomy":"post_tag","embeddable":true,"href":"https:\/\/diarioregionaldigital.com.br\/index.php?rest_route=%2Fwp%2Fv2%2Ftags&post=113143"}],"curies":[{"name":"wp","href":"https:\/\/api.w.org\/{rel}","templated":true}]}}