{"id":113140,"date":"2018-07-29T06:00:21","date_gmt":"2018-07-29T09:00:21","guid":{"rendered":"http:\/\/diarioregionaljf.com.br\/?p=113140"},"modified":"2018-07-27T20:17:23","modified_gmt":"2018-07-27T23:17:23","slug":"festival","status":"publish","type":"post","link":"https:\/\/diarioregionaldigital.com.br\/?p=113140","title":{"rendered":"Festival"},"content":{"rendered":"<p style=\"text-align: center;\"><strong>Treinamento<\/strong><\/p>\n<p style=\"text-align: center;\">Um novo treinamento da FIEMG Regional Zona da Mata apresentou e discutiu o sistema eSocial. Por ser este um tema que gera muitas d\u00favidas entre os empres\u00e1rios, o curso foi promovido por uma turma na sede da entidade e teve como objetivo orientar os participantes a respeito do eSocial. Sistema implantado pelo governo como ferramenta de controle do cumprimento das obriga\u00e7\u00f5es trabalhistas e previdenci\u00e1rias.<\/p>\n<p style=\"text-align: center;\"><strong>Posse<\/strong><\/p>\n<p style=\"text-align: center;\">Cerca de 200 pessoas compareceram \u00e0 solenidade da posse de Aur\u00e9lio Marangon Sobrinho como presidente da FIEMG Regional Zona da Mata. A lideran\u00e7a dele ter\u00e1 como foco uma gest\u00e3o compartilhada, democr\u00e1tica e participativa. Compareceram, representantes do Sistema FIEMG, presidentes de sindicatos patronais, representantes de entidades, autoridades pol\u00edticas e lideran\u00e7as empresariais de Juiz de Fora e regi\u00e3o.<\/p>\n<p style=\"text-align: center;\"><strong>Artes-Pl\u00e1sticas<\/strong><\/p>\n<p style=\"text-align: center;\">Depois do sucesso da exposi\u00e7\u00e3o Recortes Urbanos, do pintor Gerson Guedes, o Independ\u00eancia Shopping abrir\u00e1 as portas para outros nomes-art\u00edsticos de peso de Juiz de Fora e regi\u00e3o. Para isso, foi criado o Espa\u00e7o do Artista, no L2 do empreendimento, que hoje j\u00e1 recebe uma segunda exposi\u00e7\u00e3o: Cores, Formas e Texturas, do artista pl\u00e1stico Carlos Th\u00e1ga.<\/p>\n<p style=\"text-align: center;\"><strong>Festival <\/strong><\/p>\n<p style=\"text-align: center;\">Depois de uma semana de boa m\u00fasica, o 29\u00ba Festival Internacional de M\u00fasica Colonial Brasileira e M\u00fasica Antiga de Juiz de Fora ter\u00e1 seu encerramento neste domingo, 29, \u00e0s 20h, no Cine- Theatro Central. Em cena, a \u00d3pera \u201cVendado es amor, no es ciego\u201d (Jos\u00e9 de Nebra). Al\u00e9m de bel\u00edssimos concertos nos 4 cantos da cidade, os convidados de fora ficaram encantados com Juiz de Fora e a beleza da arquitetura do Cine-Theatro Central. Aplausos.<\/p>\n<p style=\"text-align: center;\"><strong>Arco-\u00cdris<\/strong><\/p>\n<p style=\"text-align: center;\">A semana Rainbow da UFJF promete bombar durante a semana que antecede o tradicional desfile para a escolha da Miss Brasil Gay 2018. A abertura ser\u00e1 com uma exposi\u00e7\u00e3o dos figurinos usados por Chiquinho Cabeleireiro (idealizador do concurso) como Madame Debret de Blanche. Na esteira do evento, teatro, shows e F\u00f3rum de Turismo. Na coordena\u00e7\u00e3o, o professor Marcelo do Carmo.<\/p>\n<div id=\"attachment_113103\" style=\"width: 690px\" class=\"wp-caption aligncenter\"><img loading=\"lazy\" decoding=\"async\" aria-describedby=\"caption-attachment-113103\" class=\"wp-image-113103\" src=\"http:\/\/diarioregionaljf.com.br\/wp-content\/uploads\/2018\/07\/fotoa-18.jpg\" alt=\"\" width=\"680\" height=\"527\" srcset=\"https:\/\/diarioregionaldigital.com.br\/wp-content\/uploads\/2018\/07\/fotoa-18.jpg 960w, https:\/\/diarioregionaldigital.com.br\/wp-content\/uploads\/2018\/07\/fotoa-18-300x233.jpg 300w, https:\/\/diarioregionaldigital.com.br\/wp-content\/uploads\/2018\/07\/fotoa-18-768x595.jpg 768w, https:\/\/diarioregionaldigital.com.br\/wp-content\/uploads\/2018\/07\/fotoa-18-360x279.jpg 360w\" sizes=\"auto, (max-width: 680px) 100vw, 680px\" \/><p id=\"caption-attachment-113103\" class=\"wp-caption-text\">Na Mostra Jade de Decora\u00e7\u00e3o, os elegantes Rodrigo Bissoli, Myrliane Le\u00e3o, Luiz Duque e Mois\u00e9s Machado Veriato<\/p><\/div>\n<div id=\"attachment_113104\" style=\"width: 690px\" class=\"wp-caption aligncenter\"><img loading=\"lazy\" decoding=\"async\" aria-describedby=\"caption-attachment-113104\" class=\"wp-image-113104\" src=\"http:\/\/diarioregionaljf.com.br\/wp-content\/uploads\/2018\/07\/fotoaa-10-e1532732762275.jpg\" alt=\"\" width=\"680\" height=\"500\" srcset=\"https:\/\/diarioregionaldigital.com.br\/wp-content\/uploads\/2018\/07\/fotoaa-10-e1532732762275.jpg 950w, https:\/\/diarioregionaldigital.com.br\/wp-content\/uploads\/2018\/07\/fotoaa-10-e1532732762275-300x220.jpg 300w, https:\/\/diarioregionaldigital.com.br\/wp-content\/uploads\/2018\/07\/fotoaa-10-e1532732762275-768x564.jpg 768w, https:\/\/diarioregionaldigital.com.br\/wp-content\/uploads\/2018\/07\/fotoaa-10-e1532732762275-360x265.jpg 360w\" sizes=\"auto, (max-width: 680px) 100vw, 680px\" \/><p id=\"caption-attachment-113104\" class=\"wp-caption-text\">No bar Luis, o compositor Mam\u00e3o foi homenageado pelos seus 80 anos pelo talentoso cantor Alexandre Pereira<\/p><\/div>\n<div id=\"attachment_113105\" style=\"width: 690px\" class=\"wp-caption aligncenter\"><img loading=\"lazy\" decoding=\"async\" aria-describedby=\"caption-attachment-113105\" class=\"wp-image-113105\" src=\"http:\/\/diarioregionaljf.com.br\/wp-content\/uploads\/2018\/07\/fotob-20-e1532732815106.jpg\" alt=\"\" width=\"680\" height=\"523\" srcset=\"https:\/\/diarioregionaldigital.com.br\/wp-content\/uploads\/2018\/07\/fotob-20-e1532732815106.jpg 960w, https:\/\/diarioregionaldigital.com.br\/wp-content\/uploads\/2018\/07\/fotob-20-e1532732815106-300x231.jpg 300w, https:\/\/diarioregionaldigital.com.br\/wp-content\/uploads\/2018\/07\/fotob-20-e1532732815106-768x591.jpg 768w, https:\/\/diarioregionaldigital.com.br\/wp-content\/uploads\/2018\/07\/fotob-20-e1532732815106-360x277.jpg 360w\" sizes=\"auto, (max-width: 680px) 100vw, 680px\" \/><p id=\"caption-attachment-113105\" class=\"wp-caption-text\">Contabilizando sucesso com sua m\u00fasica \u201c\u00c9 o fim\u201d, o cantor Wesley Ferry<\/p><\/div>\n<div id=\"attachment_113107\" style=\"width: 690px\" class=\"wp-caption aligncenter\"><img loading=\"lazy\" decoding=\"async\" aria-describedby=\"caption-attachment-113107\" class=\"wp-image-113107\" src=\"http:\/\/diarioregionaljf.com.br\/wp-content\/uploads\/2018\/07\/fotoc-17-e1532732344594.jpg\" alt=\"\" width=\"680\" height=\"638\" srcset=\"https:\/\/diarioregionaldigital.com.br\/wp-content\/uploads\/2018\/07\/fotoc-17-e1532732344594.jpg 636w, https:\/\/diarioregionaldigital.com.br\/wp-content\/uploads\/2018\/07\/fotoc-17-e1532732344594-300x282.jpg 300w, https:\/\/diarioregionaldigital.com.br\/wp-content\/uploads\/2018\/07\/fotoc-17-e1532732344594-360x338.jpg 360w\" sizes=\"auto, (max-width: 680px) 100vw, 680px\" \/><p id=\"caption-attachment-113107\" class=\"wp-caption-text\">Personagem ultra DJ, na noite a fantasia no Rocket Pub<\/p><\/div>\n<div id=\"attachment_113109\" style=\"width: 690px\" class=\"wp-caption aligncenter\"><img loading=\"lazy\" decoding=\"async\" aria-describedby=\"caption-attachment-113109\" class=\"wp-image-113109\" src=\"http:\/\/diarioregionaljf.com.br\/wp-content\/uploads\/2018\/07\/fotoe-16-e1532732374495.jpg\" alt=\"\" width=\"680\" height=\"511\" srcset=\"https:\/\/diarioregionaldigital.com.br\/wp-content\/uploads\/2018\/07\/fotoe-16-e1532732374495.jpg 399w, https:\/\/diarioregionaldigital.com.br\/wp-content\/uploads\/2018\/07\/fotoe-16-e1532732374495-300x226.jpg 300w, https:\/\/diarioregionaldigital.com.br\/wp-content\/uploads\/2018\/07\/fotoe-16-e1532732374495-360x271.jpg 360w\" sizes=\"auto, (max-width: 680px) 100vw, 680px\" \/><p id=\"caption-attachment-113109\" class=\"wp-caption-text\">As elegantes irm\u00e3s da by Candy, Nayara Netto e Nayane Netto, em noite fina na Est\u00e2ncia Dom Vi\u00e7oso<\/p><\/div>\n<div id=\"attachment_113110\" style=\"width: 690px\" class=\"wp-caption aligncenter\"><img loading=\"lazy\" decoding=\"async\" aria-describedby=\"caption-attachment-113110\" class=\"wp-image-113110\" src=\"http:\/\/diarioregionaljf.com.br\/wp-content\/uploads\/2018\/07\/fotof-15-e1532732400786.jpg\" alt=\"\" width=\"680\" height=\"575\" srcset=\"https:\/\/diarioregionaldigital.com.br\/wp-content\/uploads\/2018\/07\/fotof-15-e1532732400786.jpg 533w, https:\/\/diarioregionaldigital.com.br\/wp-content\/uploads\/2018\/07\/fotof-15-e1532732400786-300x254.jpg 300w, https:\/\/diarioregionaldigital.com.br\/wp-content\/uploads\/2018\/07\/fotof-15-e1532732400786-360x305.jpg 360w\" sizes=\"auto, (max-width: 680px) 100vw, 680px\" \/><p id=\"caption-attachment-113110\" class=\"wp-caption-text\">No Baile de Medicina da FOA, em Volta redonda, as Coeli, Eliene, Eli\u00e9sse e Mariana<\/p><\/div>\n<div id=\"attachment_113113\" style=\"width: 690px\" class=\"wp-caption aligncenter\"><img loading=\"lazy\" decoding=\"async\" aria-describedby=\"caption-attachment-113113\" class=\"wp-image-113113\" src=\"http:\/\/diarioregionaljf.com.br\/wp-content\/uploads\/2018\/07\/fotoi-16-e1532732434984.jpg\" alt=\"\" width=\"680\" height=\"499\" srcset=\"https:\/\/diarioregionaldigital.com.br\/wp-content\/uploads\/2018\/07\/fotoi-16-e1532732434984.jpg 678w, https:\/\/diarioregionaldigital.com.br\/wp-content\/uploads\/2018\/07\/fotoi-16-e1532732434984-300x220.jpg 300w, https:\/\/diarioregionaldigital.com.br\/wp-content\/uploads\/2018\/07\/fotoi-16-e1532732434984-360x264.jpg 360w\" sizes=\"auto, (max-width: 680px) 100vw, 680px\" \/><p id=\"caption-attachment-113113\" class=\"wp-caption-text\">No Rio de Janeiro em exposi\u00e7\u00e3o concorrida, os artista pl\u00e1sticos do s\u00e9culo, Nequitz Miguel e Lu\u00eds Badia<\/p><\/div>\n<div id=\"attachment_113114\" style=\"width: 690px\" class=\"wp-caption aligncenter\"><img loading=\"lazy\" decoding=\"async\" aria-describedby=\"caption-attachment-113114\" class=\"wp-image-113114\" src=\"http:\/\/diarioregionaljf.com.br\/wp-content\/uploads\/2018\/07\/fotoj-14.jpg\" alt=\"\" width=\"680\" height=\"706\" srcset=\"https:\/\/diarioregionaldigital.com.br\/wp-content\/uploads\/2018\/07\/fotoj-14.jpg 796w, https:\/\/diarioregionaldigital.com.br\/wp-content\/uploads\/2018\/07\/fotoj-14-289x300.jpg 289w, https:\/\/diarioregionaldigital.com.br\/wp-content\/uploads\/2018\/07\/fotoj-14-768x797.jpg 768w, https:\/\/diarioregionaldigital.com.br\/wp-content\/uploads\/2018\/07\/fotoj-14-360x374.jpg 360w\" sizes=\"auto, (max-width: 680px) 100vw, 680px\" \/><p id=\"caption-attachment-113114\" class=\"wp-caption-text\">Tr\u00eas lindos para enfeitar nosso domingo com Rafael Gouv\u00eaa, Isabela Lazzarini Gouv\u00eaa e Suelen Lazzarini<\/p><\/div>\n<div id=\"attachment_113130\" style=\"width: 690px\" class=\"wp-caption aligncenter\"><img loading=\"lazy\" decoding=\"async\" aria-describedby=\"caption-attachment-113130\" class=\"wp-image-113130\" src=\"http:\/\/diarioregionaljf.com.br\/wp-content\/uploads\/2018\/07\/fotoh-18.jpg\" alt=\"\" width=\"680\" height=\"453\" \/><p id=\"caption-attachment-113130\" class=\"wp-caption-text\">Durante o evento Mem\u00f3rias de Juiz de Fora, na Cervejaria Barbante, Maria Cristina Farage, Adriana Lopes, Ramon Brand\u00e3o e Rita Brito<\/p><\/div>\n<div id=\"attachment_113131\" style=\"width: 690px\" class=\"wp-caption aligncenter\"><img loading=\"lazy\" decoding=\"async\" aria-describedby=\"caption-attachment-113131\" class=\"wp-image-113131\" src=\"http:\/\/diarioregionaljf.com.br\/wp-content\/uploads\/2018\/07\/fotol-7-e1532733190242.jpg\" alt=\"\" width=\"680\" height=\"1022\" \/><p id=\"caption-attachment-113131\" class=\"wp-caption-text\">Em contagem regressiva para a Festa Euphorika, o produtor Hudson Lagrota aterrissou na loja M. Marques<\/p><\/div>\n<div id=\"attachment_113128\" style=\"width: 690px\" class=\"wp-caption aligncenter\"><img loading=\"lazy\" decoding=\"async\" aria-describedby=\"caption-attachment-113128\" class=\"wp-image-113128\" src=\"http:\/\/diarioregionaljf.com.br\/wp-content\/uploads\/2018\/07\/fotobb-8-e1532733103531.jpg\" alt=\"\" width=\"680\" height=\"519\" srcset=\"https:\/\/diarioregionaldigital.com.br\/wp-content\/uploads\/2018\/07\/fotobb-8-e1532733103531.jpg 720w, https:\/\/diarioregionaldigital.com.br\/wp-content\/uploads\/2018\/07\/fotobb-8-e1532733103531-300x229.jpg 300w, https:\/\/diarioregionaldigital.com.br\/wp-content\/uploads\/2018\/07\/fotobb-8-e1532733103531-360x275.jpg 360w\" sizes=\"auto, (max-width: 680px) 100vw, 680px\" \/><p id=\"caption-attachment-113128\" class=\"wp-caption-text\">Comemorando o Dia da Vov\u00f3, a educadora e atleta Neuza Marsicano com o neto Matheus Marsicano Mendes<\/p><\/div>\n<div id=\"attachment_113116\" style=\"width: 690px\" class=\"wp-caption aligncenter\"><img loading=\"lazy\" decoding=\"async\" aria-describedby=\"caption-attachment-113116\" class=\"wp-image-113116\" src=\"http:\/\/diarioregionaljf.com.br\/wp-content\/uploads\/2018\/07\/fotom-3-e1532732473507.jpg\" alt=\"\" width=\"680\" height=\"603\" srcset=\"https:\/\/diarioregionaldigital.com.br\/wp-content\/uploads\/2018\/07\/fotom-3-e1532732473507.jpg 398w, https:\/\/diarioregionaldigital.com.br\/wp-content\/uploads\/2018\/07\/fotom-3-e1532732473507-300x266.jpg 300w, https:\/\/diarioregionaldigital.com.br\/wp-content\/uploads\/2018\/07\/fotom-3-e1532732473507-360x319.jpg 360w\" sizes=\"auto, (max-width: 680px) 100vw, 680px\" \/><p id=\"caption-attachment-113116\" class=\"wp-caption-text\">A divina Deborah Manfroi, direto de Juiz de Fora para pontificar na sociedade do Rio de Janeiro<\/p><\/div>\n<p style=\"text-align: center;\"><strong>FOTOSS\u00cdNTESE<\/strong><\/p>\n<p>A elegante empres\u00e1ria Luciana Lopes est\u00e1 com novo endere\u00e7o para sua loja Ana\u2019s Modas. Agora, as lindas roupas s\u00e3o encontradas na Rua Marechal Deodoro, n\u00ba 444-Lj 209, 2\u00ba piso.<\/p>\n<p>Para 5 de agosto, de 12h \u00e0s 00h, vai acontecer a rave eletr\u00f4nica Love Sessions Crew Under na Avalon. Dentre DJ\u2019s a incr\u00edvel Fl\u00e1via Pessoa.<\/p>\n<p>Com muito alto astral prossegue no domingo, 29, o evento da Associa\u00e7\u00e3o Internacional de Lions Clubes, Distrito Lc. 12 &#8211; AL 2018\/2019, no Clube S\u00edrio e Liban\u00eas. De 08h15 \u00e0s 12h35, muitas atividades, premia\u00e7\u00f5es de delega\u00e7\u00f5es, mais distante, e mais numerosa. Na coordena\u00e7\u00e3o a DG L\u00e9a Maria Burnier Ganimi e o CL Pedro Barrote. O encerramento ser\u00e1 \u00e0s 12h35.<\/p>\n<p>Digno de elogios, o jovem jogador de basquete Luan Jos\u00e9 Dias foi campe\u00e3o do ALE Star da Liga Super Basketball de enterradas realizada na Arena de Deodoro no Rio de Janeiro (RJ). A equipe do Juiz de Fora Basquetebol\/ Inicia\u00e7\u00e3o Esportiva \/ PJF ainda conta com Lucas Santos e Henrique Colicet, todos com 17 anos.<\/p>\n<p>O Ibitipoca Off Road 2018 vai ter largada no dia 4 de Agosto na Faculdade Suprema com pernoite em Ibitipoca e chegada no dia 5 de Agosto tamb\u00e9m na Faculdade Suprema com festa de encerramento com shows de Felipe Marques (sertanejo) e Duo Retr\u00f4 (Rock Roll) \u00e0s 14h.<\/p>\n<p>Para o j\u00fari do Miss Brasil Gay 2018, est\u00e3o confirmados, Larissa Lessa, Jaqueline Frossard, Desir\u00e9e Couri, Ot\u00e1vio Fagundes e Ana Paula Calixto<\/p>\n<p>No Tetro Solar, no domingo, 29, \u00e0s 16h, entra em cena dentro do projeto Divers\u00e3o em Cena ArcelorMittal o espet\u00e1culo infantil \u201cA Fant\u00e1stica Floresta\u201d &#8211; O Trem &#8211; Cia de Teatro.<\/p>\n<p>Talentoso e carism\u00e1tico, o fot\u00f3grafo Jo\u00e3o Victor Medeiros, 21 anos, foi selecionado para mostrar em Chicago (USA), em setembro na feira The Other Art Faior. Ele agora corre contra o tempo e est\u00e1 buscando recursos para viajar.<\/p>\n<p>Localizada na Rua Batista de Oliveira, n\u00ba 734, a Lanchonete-Sabor da Fruta \u00e9 a melhor que tem. Lanches, sucos e almo\u00e7o de primeira qualidade. Ponto para os empres\u00e1rios Paulo Fernando Ribeiro Teixeira e Paulo S\u00e9rgio Paes Teixeira.<\/p>\n<p>Com muita sabedoria, o reitor da UFJF Marcus Vin\u00edcius David participou, em Macei\u00f3, de mesa-redonda na 70\u00aa Reuni\u00e3o anual da SBPC sobre o tema \u201cCi\u00eancia, responsabilidade social e soberania\u201d.<\/p>\n<p>Andr\u00e9a Cintia depois de mini-f\u00e9rias com a filha Let\u00edcia, j\u00e1 coloca a m\u00e3o na massa e produz docinhos finos, bolos e tortas finas. A Maria Pipoca &#8211; Chocolateria se destaca com uma das melhores de Juiz de Fora.<\/p>\n<p>Para finalizar: Relacionar-se bem \u00e9 a verdadeira alma do neg\u00f3cio, pois assim se estabelece v\u00ednculos s\u00f3lidos e importantes para voc\u00ea emergir. Bom dia.<\/p>\n","protected":false},"excerpt":{"rendered":"<p>Treinamento Um novo treinamento da FIEMG Regional Zona da Mata apresentou e discutiu o sistema eSocial. Por ser este um tema que gera muitas d\u00favidas entre os empres\u00e1rios, o curso foi promovido por uma turma na sede da entidade e teve como objetivo orientar os participantes a respeito do eSocial. Sistema implantado pelo governo como [&hellip;]<\/p>\n","protected":false},"author":96,"featured_media":113103,"comment_status":"closed","ping_status":"closed","sticky":false,"template":"","format":"standard","meta":{"footnotes":""},"categories":[264],"tags":[],"class_list":["post-113140","post","type-post","status-publish","format-standard","has-post-thumbnail","hentry","category-eduardo-gomes"],"_links":{"self":[{"href":"https:\/\/diarioregionaldigital.com.br\/index.php?rest_route=\/wp\/v2\/posts\/113140","targetHints":{"allow":["GET"]}}],"collection":[{"href":"https:\/\/diarioregionaldigital.com.br\/index.php?rest_route=\/wp\/v2\/posts"}],"about":[{"href":"https:\/\/diarioregionaldigital.com.br\/index.php?rest_route=\/wp\/v2\/types\/post"}],"author":[{"embeddable":true,"href":"https:\/\/diarioregionaldigital.com.br\/index.php?rest_route=\/wp\/v2\/users\/96"}],"replies":[{"embeddable":true,"href":"https:\/\/diarioregionaldigital.com.br\/index.php?rest_route=%2Fwp%2Fv2%2Fcomments&post=113140"}],"version-history":[{"count":0,"href":"https:\/\/diarioregionaldigital.com.br\/index.php?rest_route=\/wp\/v2\/posts\/113140\/revisions"}],"wp:featuredmedia":[{"embeddable":true,"href":"https:\/\/diarioregionaldigital.com.br\/index.php?rest_route=\/wp\/v2\/media\/113103"}],"wp:attachment":[{"href":"https:\/\/diarioregionaldigital.com.br\/index.php?rest_route=%2Fwp%2Fv2%2Fmedia&parent=113140"}],"wp:term":[{"taxonomy":"category","embeddable":true,"href":"https:\/\/diarioregionaldigital.com.br\/index.php?rest_route=%2Fwp%2Fv2%2Fcategories&post=113140"},{"taxonomy":"post_tag","embeddable":true,"href":"https:\/\/diarioregionaldigital.com.br\/index.php?rest_route=%2Fwp%2Fv2%2Ftags&post=113140"}],"curies":[{"name":"wp","href":"https:\/\/api.w.org\/{rel}","templated":true}]}}