{"id":113120,"date":"2018-07-29T06:00:59","date_gmt":"2018-07-29T09:00:59","guid":{"rendered":"http:\/\/diarioregionaljf.com.br\/?p=113120"},"modified":"2018-08-13T20:20:56","modified_gmt":"2018-08-13T23:20:56","slug":"edital-de-mesarios-justica-eleitoral","status":"publish","type":"post","link":"https:\/\/diarioregionaldigital.com.br\/?p=113120","title":{"rendered":"EDITAL DE MES\u00c1RIOS &#8211; JUSTI\u00c7A ELEITORAL"},"content":{"rendered":"<p>A Exma. Sra. Dra. ADA HELENA ANTUNES TORRES, Ju\u00edza da 152\u00aa Zona Eleitoral, JUIZ DE FORA\/MG , por for\u00e7a da Lei n\u00ba 9.504\/97, FAZ SABER a todos os que virem o presente Edital ou dele tiverem conhecimento, aos Srs. Eleitores, Candidatos, Fiscais e Delegados de Partidos Pol\u00edticos, e aos demais interessados que, nos termos do art. 120 do C\u00f3digo Eleitoral (Lei Federal n\u00ba 4.737\/65), foram nomeados mes\u00e1rios abaixo relacionados, com os respectivos n\u00fameros dos t\u00edtulos e fun\u00e7\u00f5es que desempenhar\u00e3o no pleito: ELEI\u00c7\u00d5ES GERAIS 2018.<\/p>\n<p>&nbsp;<\/p>\n<p><strong>Munic\u00edpio: 47333 &#8211; JUIZ DE FORA<\/strong><\/p>\n<p>&nbsp;<\/p>\n<p><a href=\"https:\/\/drive.google.com\/file\/d\/16LapklYefXU5Qheodu9uKJc8B__bBvhl\/view?usp=sharing\" target=\"_blank\" rel=\"noopener\">Confira aqui todos os editais, avisos e convoca\u00e7\u00f5es.<\/a><\/p>\n<p>&nbsp;<\/p>\n<hr \/>\n<p>&nbsp;<\/p>\n","protected":false},"excerpt":{"rendered":"<p>A Exma. Sra. Dra. ADA HELENA ANTUNES TORRES, Ju\u00edza da 152\u00aa Zona Eleitoral, JUIZ DE FORA\/MG , por for\u00e7a da Lei n\u00ba 9.504\/97, FAZ SABER a todos os que virem o presente Edital ou dele tiverem conhecimento, aos Srs. Eleitores, Candidatos, Fiscais e Delegados de Partidos Pol\u00edticos, e aos demais interessados que, nos termos do [&hellip;]<\/p>\n","protected":false},"author":96,"featured_media":113121,"comment_status":"closed","ping_status":"closed","sticky":false,"template":"","format":"standard","meta":{"footnotes":""},"categories":[436,307,254,439],"tags":[],"class_list":["post-113120","post","type-post","status-publish","format-standard","has-post-thumbnail","hentry","category-destaque-da-semana","category-editais","category-politica","category-ultima-hora"],"_links":{"self":[{"href":"https:\/\/diarioregionaldigital.com.br\/index.php?rest_route=\/wp\/v2\/posts\/113120","targetHints":{"allow":["GET"]}}],"collection":[{"href":"https:\/\/diarioregionaldigital.com.br\/index.php?rest_route=\/wp\/v2\/posts"}],"about":[{"href":"https:\/\/diarioregionaldigital.com.br\/index.php?rest_route=\/wp\/v2\/types\/post"}],"author":[{"embeddable":true,"href":"https:\/\/diarioregionaldigital.com.br\/index.php?rest_route=\/wp\/v2\/users\/96"}],"replies":[{"embeddable":true,"href":"https:\/\/diarioregionaldigital.com.br\/index.php?rest_route=%2Fwp%2Fv2%2Fcomments&post=113120"}],"version-history":[{"count":0,"href":"https:\/\/diarioregionaldigital.com.br\/index.php?rest_route=\/wp\/v2\/posts\/113120\/revisions"}],"wp:featuredmedia":[{"embeddable":true,"href":"https:\/\/diarioregionaldigital.com.br\/index.php?rest_route=\/wp\/v2\/media\/113121"}],"wp:attachment":[{"href":"https:\/\/diarioregionaldigital.com.br\/index.php?rest_route=%2Fwp%2Fv2%2Fmedia&parent=113120"}],"wp:term":[{"taxonomy":"category","embeddable":true,"href":"https:\/\/diarioregionaldigital.com.br\/index.php?rest_route=%2Fwp%2Fv2%2Fcategories&post=113120"},{"taxonomy":"post_tag","embeddable":true,"href":"https:\/\/diarioregionaldigital.com.br\/index.php?rest_route=%2Fwp%2Fv2%2Ftags&post=113120"}],"curies":[{"name":"wp","href":"https:\/\/api.w.org\/{rel}","templated":true}]}}