{"id":113080,"date":"2018-07-29T06:00:45","date_gmt":"2018-07-29T09:00:45","guid":{"rendered":"http:\/\/diarioregionaljf.com.br\/?p=113080"},"modified":"2018-07-27T20:19:49","modified_gmt":"2018-07-27T23:19:49","slug":"escapulario-objeto-santo-mas-nao-magico-parte-1","status":"publish","type":"post","link":"https:\/\/diarioregionaldigital.com.br\/?p=113080","title":{"rendered":"Escapul\u00e1rio, objeto santo, mas n\u00e3o m\u00e1gico &#8211; parte 1"},"content":{"rendered":"<p>Entres os t\u00edtulos que carinhosamente s\u00e3o dados a Maria, M\u00e3e de Jesus, se encontra o de Virgem do Carmo, ou Nossa Senhora do Monte Carmelo, cuja festa se celebra dia 16 de julho. Tal apelativo tem fundamentos b\u00edblicos, hist\u00f3ricos e pertence, de alguma forma, ao Magist\u00e9rio da Igreja, porquanto muitos papas legislaram e deram frutuosas orienta\u00e7\u00f5es sobre ele.<\/p>\n<p>Em primeiro lugar recordemos que a palavra \u201cCarmelo\u201d tem origem na l\u00edngua hebraica, o idioma de Jesus, mesmo se, conforme estudos recentes, ele falasse corriqueiramente o dialeto aramaico. Por\u00e9m o aramaico era um linguajar somente falado, n\u00e3o escrito. Os textos da thor\u00e1 e dos profetas eram escritos em hebraico e Jesus os lia (cf Lc 4, 14-20).<\/p>\n<p>A palavra Carmelo \u00e9 jun\u00e7\u00e3o de dois termos hebraicos: \u201cCarmo\u201d que significa \u201cvinha\u201d, e \u201cEl\u201d que significa \u201cDeus\u201d. Portanto, Carmelo se traduz por \u201cVinha de Deus\u201d, ou \u201cJardim de Deus\u201d. Carmelo \u00e9 um monte que est\u00e1 no norte do territ\u00f3rio de Israel, onde viveu o Profeta Elias e alguns disc\u00edpulos seus, por volta dos anos 900 a 850 antes de Cristo. Tem ao seu lado oeste, o Mar Mediterr\u00e2neo numa beleza sem par. O Rei Salom\u00e3o quando quis elogiar a beleza da esposa exclamou: \u201c Tua cabe\u00e7a \u00e9 t\u00e3o bela quanto o Carmelo e teus cabelos t\u00eam a cor da p\u00farpura\u201d (Ct 7,6).<\/p>\n<p>Sobre este soberbo monte de cerca de 600 metros de altitude, se passou o famoso epis\u00f3dio da chuva que, pela ora\u00e7\u00e3o de Elias, depois de um longo per\u00edodo de seca, caiu abundante sobre as terras da regi\u00e3o, tirando o povo do perigo de morrer de fome, por falta de v\u00edveres para as pessoas e os animais. Antes, por\u00e9m de descer a generosa precipita\u00e7\u00e3o atmosf\u00e9rica, uma pequena nuvem, do tamanho do punho de um homem, anunciou a grande alegria para o povo sedento. Chegou a salva\u00e7\u00e3o para suas lavouras e seus animais (Cf I Reis 18, 43-45).<\/p>\n<p>A Igreja sempre viu na figura desta nuvem da qual caiu a benfazeja chuva salvadora, a prefigura\u00e7\u00e3o de Maria, da qual nasceu o Redentor da humanidade, Jesus Cristo, Nosso Senhor. Interessante observar que, quando Deus criou o organismo feminino, colocou dentro dele o \u00fatero, o santu\u00e1rio da vida, que tem, em seu estado natural, o tamanho de um punho e que, ao se desenvolver nele a crian\u00e7a, vai se elastificando num movimento de muita beleza e precis\u00e3o para proteger o ser que nele cresce.<\/p>\n<p>Na idade m\u00e9dia, um grupo de anacoretas foi morar sobre este monte e entre seus eremit\u00e9rios constru\u00edram uma capela dedicada \u00e0 M\u00e3e de Jesus que passaram a chamar de Nossa Senhora do Monte Carmelo, ou Nossa Senhora do Carmo.<\/p>\n<p>Perseguidos por mul\u00e7umanos que desejavam destruir todos os sinais e vest\u00edgios de Cristo, tiveram que fugir para Europa, encontrando abrigo na Inglaterra, onde foram acolhidos e passaram a ser chamados de carmelitas, tendo sido constitu\u00eddos, mais tarde, em Ordem Carmelitana. Por\u00e9m, tamb\u00e9m a\u00ed, tal Ordem religiosa passou por terr\u00edveis momentos de incompreens\u00f5es, persegui\u00e7\u00f5es, problemas externos e internos ao ponto de se ver amea\u00e7ada de extin\u00e7\u00e3o.\u00a0\u00a0Necessitados de boa dire\u00e7\u00e3o, foi eleito Prior Geral, o Padre Sim\u00e3o Stock, um Sacerdote contemplativo que havia aderido a Ordem.\u00a0Homem de muita ora\u00e7\u00e3o, profundidade m\u00edstica e teol\u00f3gica, tamb\u00e9m suplicou a miseric\u00f3rdia de Deus em favor de seu povo, tal como Elias em Israel, para que viesse a sair dos perigos que os amea\u00e7avam.<\/p>\n<p>Quando se encontrava em ora\u00e7\u00e3o, no dia 16 de julho de do ano de 1251, teve em experi\u00eancia m\u00edstica, a vis\u00e3o da M\u00e3e de Jesus, trazendo nos bra\u00e7os o Menino Deus, e lhe entregou o escapul\u00e1rio, prometendo prote\u00e7\u00e3o diante dos perigos e garantindo a salva\u00e7\u00e3o eterna, conquistada por seu Divino Filho na cruz, \u00e0queles que o trouxessem consigo at\u00e9 a hora da morte, obedecendo aos mandamentos divinos.\u00a0\u00a0Foram as seguintes as palavras ditas por Maria ao Monge:\u00a0<em>&#8220;Este ser\u00e1 o privil\u00e9gio para ti e todos os carmelitas; quem morrer vestido do escapul\u00e1rio, se salvar\u00e1.&#8221;<strong>\u00a0<\/strong><\/em><\/p>\n<p>Quanto ao termo \u201cEscapul\u00e1rio\u201d, a etimologia nos remete ao conceito de prote\u00e7\u00e3o, sendo uma pe\u00e7a do vestu\u00e1rio medieval, destinada a cobrir o peito e as costas, partindo dos ombros. O voc\u00e1bulo vem do latim\u00a0<em>scapula-arum<\/em>, que significa ombro, costas, espaldas.<\/p>\n<p style=\"text-align: center;\">(Prosseguiremos semana que vem)<\/p>\n","protected":false},"excerpt":{"rendered":"<p>Entres os t\u00edtulos que carinhosamente s\u00e3o dados a Maria, M\u00e3e de Jesus, se encontra o de Virgem do Carmo, ou Nossa Senhora do Monte Carmelo, cuja festa se celebra dia 16 de julho. Tal apelativo tem fundamentos b\u00edblicos, hist\u00f3ricos e pertence, de alguma forma, ao Magist\u00e9rio da Igreja, porquanto muitos papas legislaram e deram frutuosas [&hellip;]<\/p>\n","protected":false},"author":96,"featured_media":97694,"comment_status":"closed","ping_status":"closed","sticky":false,"template":"","format":"standard","meta":{"footnotes":""},"categories":[276],"tags":[],"class_list":["post-113080","post","type-post","status-publish","format-standard","has-post-thumbnail","hentry","category-dom-gil"],"_links":{"self":[{"href":"https:\/\/diarioregionaldigital.com.br\/index.php?rest_route=\/wp\/v2\/posts\/113080","targetHints":{"allow":["GET"]}}],"collection":[{"href":"https:\/\/diarioregionaldigital.com.br\/index.php?rest_route=\/wp\/v2\/posts"}],"about":[{"href":"https:\/\/diarioregionaldigital.com.br\/index.php?rest_route=\/wp\/v2\/types\/post"}],"author":[{"embeddable":true,"href":"https:\/\/diarioregionaldigital.com.br\/index.php?rest_route=\/wp\/v2\/users\/96"}],"replies":[{"embeddable":true,"href":"https:\/\/diarioregionaldigital.com.br\/index.php?rest_route=%2Fwp%2Fv2%2Fcomments&post=113080"}],"version-history":[{"count":0,"href":"https:\/\/diarioregionaldigital.com.br\/index.php?rest_route=\/wp\/v2\/posts\/113080\/revisions"}],"wp:featuredmedia":[{"embeddable":true,"href":"https:\/\/diarioregionaldigital.com.br\/index.php?rest_route=\/wp\/v2\/media\/97694"}],"wp:attachment":[{"href":"https:\/\/diarioregionaldigital.com.br\/index.php?rest_route=%2Fwp%2Fv2%2Fmedia&parent=113080"}],"wp:term":[{"taxonomy":"category","embeddable":true,"href":"https:\/\/diarioregionaldigital.com.br\/index.php?rest_route=%2Fwp%2Fv2%2Fcategories&post=113080"},{"taxonomy":"post_tag","embeddable":true,"href":"https:\/\/diarioregionaldigital.com.br\/index.php?rest_route=%2Fwp%2Fv2%2Ftags&post=113080"}],"curies":[{"name":"wp","href":"https:\/\/api.w.org\/{rel}","templated":true}]}}