{"id":112998,"date":"2018-07-29T06:00:56","date_gmt":"2018-07-29T09:00:56","guid":{"rendered":"http:\/\/diarioregionaljf.com.br\/?p=112998"},"modified":"2018-07-26T20:52:47","modified_gmt":"2018-07-26T23:52:47","slug":"in-moda-29-de-julho-de-2018","status":"publish","type":"post","link":"https:\/\/diarioregionaldigital.com.br\/?p=112998","title":{"rendered":"IN MODA &#8211; 29 DE JULHO DE 2018"},"content":{"rendered":"<p style=\"text-align: center;\"><span style=\"font-size: 18pt;\"><strong>HORA DE ARRUMA\u00c7\u00c3O <\/strong><\/span><\/p>\n<p>Que tal aproveitar o ritmo de f\u00e9rias e dar aquela arruma\u00e7\u00e3o no arm\u00e1rio e usar ao m\u00e1ximo o seu potencial?<\/p>\n<p><img loading=\"lazy\" decoding=\"async\" class=\"size-full wp-image-112999 aligncenter\" src=\"http:\/\/diarioregionaljf.com.br\/wp-content\/uploads\/2018\/07\/arrumacao.jpg\" alt=\"\" width=\"500\" height=\"333\" srcset=\"https:\/\/diarioregionaldigital.com.br\/wp-content\/uploads\/2018\/07\/arrumacao.jpg 500w, https:\/\/diarioregionaldigital.com.br\/wp-content\/uploads\/2018\/07\/arrumacao-300x200.jpg 300w, https:\/\/diarioregionaldigital.com.br\/wp-content\/uploads\/2018\/07\/arrumacao-360x240.jpg 360w\" sizes=\"auto, (max-width: 500px) 100vw, 500px\" \/><\/p>\n<p>Usamos uma m\u00e9dia de 1\/3 do nosso arm\u00e1rio.\u00a0 A maioria dos casos um arm\u00e1rio \u00e9 composto por 60% de pe\u00e7as b\u00e1sicas, 20 a 30% de pe\u00e7as da parte de baixo e 70 a 80% de pe\u00e7as da parte de cima.<\/p>\n<p>Um bom arm\u00e1rio deve ser mais que uma reuni\u00e3o de pe\u00e7as avulsas, mas sim a representa\u00e7\u00e3o do seu estilo.<\/p>\n<p>Quando fizer a an\u00e1lise do seu arm\u00e1rio pense sempre:<\/p>\n<p>Se \u00e9 f\u00e1cil combinar as pe\u00e7as do seu guarda-roupa?<\/p>\n<p>Se anda usando com frequ\u00eancia roupas que n\u00e3o gosta?<\/p>\n<p>Se a maioria das pe\u00e7as representa seu estilo?<\/p>\n<p>Se voc\u00ea gosta do seu guarda-roupa atual?<\/p>\n<p>E na hora da limpeza se pergunte sobre cada pe\u00e7a:<\/p>\n<p>Gosta mesmo ou s\u00f3 tolera?<\/p>\n<p>Cabe?<\/p>\n<p>Vale a pena consertar?<\/p>\n<p>Est\u00e1 de acordo com o seu tipo f\u00edsico?<\/p>\n<p>Te deixa confiante?<\/p>\n<p>A cor te valoriza?<\/p>\n<p>Usou no \u00faltimo ano?<\/p>\n<p>Pretende usar quando novamente?<\/p>\n<p>Imagina alguma situa\u00e7\u00e3o para us\u00e1-la?<\/p>\n<p>Representa o seu estilo ou imagem que deseja transmitir na sua fase de vida externando a melhor vers\u00e3o de voc\u00ea?<\/p>\n<p>Compraria novamente?<\/p>\n<p>E deixe no arm\u00e1rio somente o que voc\u00ea realmente ir\u00e1 usar! Se reinvente!<\/p>\n<hr \/>\n<p style=\"text-align: center;\"><span style=\"font-size: 18pt;\"><strong>LAPIDANDO SEU ESTILO<\/strong><\/span><\/p>\n<p>\u00a0A cada dia nos descobrimos e conhecemos mais nossos gostos, nossas prefer\u00eancias e vamos lapidando nosso estilo.\u00a0 O processo \u00e9 cont\u00ednuo e quanto mais nos observamos mais ganhamos confian\u00e7a!<\/p>\n<p>Fique de olho nas dicas:<\/p>\n<p>\u2714busque refer\u00eancias de estilos que te agradem, toda cria\u00e7\u00e3o em moda parte de refer\u00eancias, pesquise!<\/p>\n<p>\u2714arquive suas prefer\u00eancias, seja em pastas no seu computador, ou num painel de inspira\u00e7\u00f5es<\/p>\n<p>\u2714d\u00ea a sua cara, toda produ\u00e7\u00e3o \u00e9 autoral, pois est\u00e1 no seu corpo, do seu jeito<\/p>\n<p>\u2714permita-se: novos estilos, novas cores, novas silhuetas, novas combina\u00e7\u00f5es<\/p>\n<p>\u2714crie o h\u00e1bito de se fotografar diariamente, monte sua pastinha e descubra mais sobre voc\u00ea!<\/p>\n<p>\u2714use as suas roupas, todas!<\/p>\n<hr \/>\n<p style=\"text-align: center;\"><span style=\"font-size: 18pt;\"><strong>P\u00cdLULAS DE ESTILO <\/strong><\/span><\/p>\n<p style=\"text-align: center;\">\u201cModa \u00e9 se vestir de acordo com que est\u00e1 em alta. Estilo \u00e9 ser voc\u00ea mesmo\u201d<\/p>\n<p style=\"text-align: right;\"><strong>Oscar de la Renta<\/strong><\/p>\n<p>&nbsp;<\/p>\n<p style=\"text-align: center;\">\u201cSe queres ser original, prepare-se para ser imitada\u201d<\/p>\n<p style=\"text-align: right;\"><strong>Coco Chanel<\/strong><\/p>\n<p>&nbsp;<\/p>\n<p style=\"text-align: center;\">\u201cNada torna uma mulher mais bonita do que a pr\u00f3pria cren\u00e7a de ser bonita\u201d<\/p>\n<p style=\"text-align: right;\"><strong>Sophia Loren<\/strong><\/p>\n<hr \/>\n<p style=\"text-align: center;\"><span style=\"font-size: 18pt;\"><strong>TRENDS<\/strong><\/span><\/p>\n<p><strong>\u00a0<\/strong><\/p>\n<ul>\n<li><strong>JARDINEIRA<\/strong><\/li>\n<\/ul>\n<p><img loading=\"lazy\" decoding=\"async\" class=\"alignleft wp-image-113000 size-medium\" src=\"http:\/\/diarioregionaljf.com.br\/wp-content\/uploads\/2018\/07\/jardineira-200x300.jpg\" alt=\"\" width=\"200\" height=\"300\" srcset=\"https:\/\/diarioregionaldigital.com.br\/wp-content\/uploads\/2018\/07\/jardineira-200x300.jpg 200w, https:\/\/diarioregionaldigital.com.br\/wp-content\/uploads\/2018\/07\/jardineira-360x539.jpg 360w, https:\/\/diarioregionaldigital.com.br\/wp-content\/uploads\/2018\/07\/jardineira.jpg 564w\" sizes=\"auto, (max-width: 200px) 100vw, 200px\" \/><\/p>\n<p>Muita gente j\u00e1 teve uma pra chamar de sua! Muitas vezes relacionada ao universo infantil, a pe\u00e7a utilit\u00e1ria ganhou novas vers\u00f5es em materiais diferentes, a de couro \u00e9 a atual queridinha, mas a boa e cl\u00e1ssica jeans sempre tem lugar garantido no arm\u00e1rio fashion! O bacana \u00e9 dar uma quebrada na vibe esportiva, abrir m\u00e3o da camiseta e t\u00eanis e combinar com pe\u00e7as mais elaboradas, como alfaiataria e scarpin!<\/p>\n<p>&nbsp;<\/p>\n<p>&nbsp;<\/p>\n<p>&nbsp;<\/p>\n<p><strong>\u00a0<\/strong><\/p>\n<hr \/>\n<p style=\"text-align: center;\"><span style=\"font-size: 18pt;\"><strong>SESS\u00c3O PIPOCA <\/strong><\/span><\/p>\n<p>Finalzinho de f\u00e9rias e In Moda separou uma lista com os melhores filmes, series e document\u00e1rios para aproveitar os \u00faltimos dias.<\/p>\n<p><strong>S\u00c9RIE<\/strong><\/p>\n<ul>\n<li><strong>MAD MEN <\/strong><\/li>\n<\/ul>\n<p><img loading=\"lazy\" decoding=\"async\" class=\"alignleft wp-image-113001 size-medium\" src=\"http:\/\/diarioregionaljf.com.br\/wp-content\/uploads\/2018\/07\/madmen-300x168.jpeg\" alt=\"\" width=\"300\" height=\"168\" srcset=\"https:\/\/diarioregionaldigital.com.br\/wp-content\/uploads\/2018\/07\/madmen-300x168.jpeg 300w, https:\/\/diarioregionaldigital.com.br\/wp-content\/uploads\/2018\/07\/madmen-768x431.jpeg 768w, https:\/\/diarioregionaldigital.com.br\/wp-content\/uploads\/2018\/07\/madmen-360x202.jpeg 360w, https:\/\/diarioregionaldigital.com.br\/wp-content\/uploads\/2018\/07\/madmen.jpeg 948w\" sizes=\"auto, (max-width: 300px) 100vw, 300px\" \/>Esta s\u00e9rie se passa nos anos 1960 e gira em torno do mundo business dos publicit\u00e1rios. Aonde a moda entra? No figurino impec\u00e1vel! N\u00e3o tem como n\u00e3o assistir as tramas do charmoso personagem, Don Draper e seu dia a dia no escrit\u00f3rio, envolto a um cen\u00e1rio seiscentista fiel que mesmo com o drama da s\u00e9rie, explora a explos\u00e3o de cor da d\u00e9cada.<\/p>\n<p>&nbsp;<\/p>\n<p><strong>FILME<\/strong><\/p>\n<ul>\n<li><strong>A VINGAN\u00c7A EST\u00c1 NA MODA<\/strong><\/li>\n<\/ul>\n<p><img loading=\"lazy\" decoding=\"async\" class=\"alignright wp-image-113002 size-medium\" src=\"http:\/\/diarioregionaljf.com.br\/wp-content\/uploads\/2018\/07\/avingancatanamoda-300x225.jpeg\" alt=\"\" width=\"300\" height=\"225\" srcset=\"https:\/\/diarioregionaldigital.com.br\/wp-content\/uploads\/2018\/07\/avingancatanamoda-300x225.jpeg 300w, https:\/\/diarioregionaldigital.com.br\/wp-content\/uploads\/2018\/07\/avingancatanamoda-360x270.jpeg 360w, https:\/\/diarioregionaldigital.com.br\/wp-content\/uploads\/2018\/07\/avingancatanamoda.jpeg 720w\" sizes=\"auto, (max-width: 300px) 100vw, 300px\" \/>Myrtle Dunnage, personagem de Kate Winslet, \u00e9 uma costureira que retorna a sua cidade natal, em um interior para se reconciliar com a fam\u00edlia e resolver outros problemas a mais. O que torna o longa interessante s\u00e3o os looks maravilhosos usados pela personagem em plena cidade pequena. A fotografia do filme \u00e9 incr\u00edvel e tudo gira em torno dos anos 1950. Al\u00e9m disso, a trama promete te distrair a ponto de ter que assistir ao filme novamente pra focar no figurino feito por Marion Boyce e Margot Wilson.<\/p>\n<p>&nbsp;<\/p>\n<p><strong>CINEMA<\/strong><\/p>\n<ul>\n<li><strong>\u00a0<\/strong><strong>SEXY POR ACIDENTE <\/strong><\/li>\n<\/ul>\n<p><img loading=\"lazy\" decoding=\"async\" class=\"alignleft wp-image-113003 size-medium\" src=\"http:\/\/diarioregionaljf.com.br\/wp-content\/uploads\/2018\/07\/sexyporacidente-300x169.jpeg\" alt=\"\" width=\"300\" height=\"169\" srcset=\"https:\/\/diarioregionaldigital.com.br\/wp-content\/uploads\/2018\/07\/sexyporacidente-300x169.jpeg 300w, https:\/\/diarioregionaldigital.com.br\/wp-content\/uploads\/2018\/07\/sexyporacidente-768x432.jpeg 768w, https:\/\/diarioregionaldigital.com.br\/wp-content\/uploads\/2018\/07\/sexyporacidente-1024x575.jpeg 1024w, https:\/\/diarioregionaldigital.com.br\/wp-content\/uploads\/2018\/07\/sexyporacidente-360x202.jpeg 360w, https:\/\/diarioregionaldigital.com.br\/wp-content\/uploads\/2018\/07\/sexyporacidente.jpeg 1260w\" sizes=\"auto, (max-width: 300px) 100vw, 300px\" \/>Pegando a onda do empoderamento feminino, tema forte na moda atual, este filme conta a hist\u00f3ria de uma personagem acima do peso, insegura e totalmente fora do padr\u00e3o, que ap\u00f3s um acidente, passa a ser segura, bem resolvida e totalmente leve. O filme mostra a import\u00e2ncia da beleza interior, discute temas atuais e potencializa quest\u00f5es femininas de uma maneira leve e divertida.<\/p>\n<p>&nbsp;<\/p>\n<p><strong>DOCUMENT\u00c1RIO <\/strong><\/p>\n<ul>\n<li><strong>JEREMMY SCOTT<\/strong><\/li>\n<\/ul>\n<p><img loading=\"lazy\" decoding=\"async\" class=\"alignright wp-image-113006 size-medium\" src=\"http:\/\/diarioregionaljf.com.br\/wp-content\/uploads\/2018\/07\/jeremmyscott-300x200.jpeg\" alt=\"\" width=\"300\" height=\"200\" srcset=\"https:\/\/diarioregionaldigital.com.br\/wp-content\/uploads\/2018\/07\/jeremmyscott-300x200.jpeg 300w, https:\/\/diarioregionaldigital.com.br\/wp-content\/uploads\/2018\/07\/jeremmyscott-360x240.jpeg 360w, https:\/\/diarioregionaldigital.com.br\/wp-content\/uploads\/2018\/07\/jeremmyscott.jpeg 470w\" sizes=\"auto, (max-width: 300px) 100vw, 300px\" \/>O document\u00e1rio conta a hist\u00f3ria do pol\u00eamico estilista, como ele come\u00e7ou, ascens\u00e3o da carreira, sua entrada para a grife Italiana, MOSCHINO e o principal, veja a posi\u00e7\u00e3o do diretor criativo diante de opini\u00f5es extremamente controversas \u00e0 cerca de suas cria\u00e7\u00f5es. Jeremmy possui cria\u00e7\u00f5es pop, coloridas e nada convencionais. Motivo pelo qual, \u00e9 amado e odiado na mesma propor\u00e7\u00e3o no mundo fashionista.<\/p>\n<hr \/>\n<p style=\"text-align: center;\"><span style=\"font-size: 18pt;\"><strong>HOR\u00d3SCOPO FASHION<\/strong><\/span><\/p>\n<p><strong>\u00a0<\/strong><strong>LE\u00c3O<\/strong><\/p>\n<p><img loading=\"lazy\" decoding=\"async\" class=\"alignright wp-image-113008 \" src=\"http:\/\/diarioregionaljf.com.br\/wp-content\/uploads\/2018\/07\/leao-1.jpg\" alt=\"\" width=\"395\" height=\"496\" srcset=\"https:\/\/diarioregionaldigital.com.br\/wp-content\/uploads\/2018\/07\/leao-1.jpg 480w, https:\/\/diarioregionaldigital.com.br\/wp-content\/uploads\/2018\/07\/leao-1-239x300.jpg 239w, https:\/\/diarioregionaldigital.com.br\/wp-content\/uploads\/2018\/07\/leao-1-360x452.jpg 360w\" sizes=\"auto, (max-width: 395px) 100vw, 395px\" \/>O signo mais exibicionista do zod\u00edaco, as leoninas n\u00e3o tem medo de brilhar, afinal, s\u00e3o regidas pelo sol e tem como elemento o fogo! Essa caracter\u00edstica se evidencia nos looks escolhidos pelas nativas desse signo, as leoninas s\u00e3o preocupadas com a sua imagem pessoal, as cores quentes combinam muito com elas e, al\u00e9m disso, amam um brilho! Pe\u00e7as que valorizem as partes certas do corpo, com decotes estrat\u00e9gicos, tops, s\u00e3o as queridinhas e nos p\u00e9s, raramente abrem m\u00e3o de um bom salto!<\/p>\n<p>&nbsp;<\/p>\n<hr \/>\n<p style=\"text-align: center;\"><span style=\"font-size: 18pt;\"><strong>CLICK IN MODA <\/strong><\/span><\/p>\n<p><strong>\u00a0<\/strong>O click de Johnny Pio para Gabriel Vital em\u00a0look M. Blue. Produ\u00e7\u00e3o Diley Almeida.<\/p>\n<p><img loading=\"lazy\" decoding=\"async\" class=\"size-full wp-image-113009 aligncenter\" src=\"http:\/\/diarioregionaljf.com.br\/wp-content\/uploads\/2018\/07\/clickinmoda-1.jpeg\" alt=\"\" width=\"438\" height=\"656\" srcset=\"https:\/\/diarioregionaldigital.com.br\/wp-content\/uploads\/2018\/07\/clickinmoda-1.jpeg 438w, https:\/\/diarioregionaldigital.com.br\/wp-content\/uploads\/2018\/07\/clickinmoda-1-200x300.jpeg 200w, https:\/\/diarioregionaldigital.com.br\/wp-content\/uploads\/2018\/07\/clickinmoda-1-360x539.jpeg 360w\" sizes=\"auto, (max-width: 438px) 100vw, 438px\" \/><\/p>\n<p>&nbsp;<\/p>\n<p><strong>COLABORADORAS:\u00a0<\/strong><strong>MARIANA MATOS E\u00a0<\/strong><strong>MARIA EDUARDA\u00a0<\/strong><strong>VER\u00cdSSIMO<\/strong><\/p>\n","protected":false},"excerpt":{"rendered":"<p>HORA DE ARRUMA\u00c7\u00c3O Que tal aproveitar o ritmo de f\u00e9rias e dar aquela arruma\u00e7\u00e3o no arm\u00e1rio e usar ao m\u00e1ximo o seu potencial? Usamos uma m\u00e9dia de 1\/3 do nosso arm\u00e1rio.\u00a0 A maioria dos casos um arm\u00e1rio \u00e9 composto por 60% de pe\u00e7as b\u00e1sicas, 20 a 30% de pe\u00e7as da parte de baixo e 70 [&hellip;]<\/p>\n","protected":false},"author":96,"featured_media":113002,"comment_status":"closed","ping_status":"closed","sticky":false,"template":"","format":"standard","meta":{"footnotes":""},"categories":[285],"tags":[],"class_list":["post-112998","post","type-post","status-publish","format-standard","has-post-thumbnail","hentry","category-moda-ana-paula-calixto"],"_links":{"self":[{"href":"https:\/\/diarioregionaldigital.com.br\/index.php?rest_route=\/wp\/v2\/posts\/112998","targetHints":{"allow":["GET"]}}],"collection":[{"href":"https:\/\/diarioregionaldigital.com.br\/index.php?rest_route=\/wp\/v2\/posts"}],"about":[{"href":"https:\/\/diarioregionaldigital.com.br\/index.php?rest_route=\/wp\/v2\/types\/post"}],"author":[{"embeddable":true,"href":"https:\/\/diarioregionaldigital.com.br\/index.php?rest_route=\/wp\/v2\/users\/96"}],"replies":[{"embeddable":true,"href":"https:\/\/diarioregionaldigital.com.br\/index.php?rest_route=%2Fwp%2Fv2%2Fcomments&post=112998"}],"version-history":[{"count":0,"href":"https:\/\/diarioregionaldigital.com.br\/index.php?rest_route=\/wp\/v2\/posts\/112998\/revisions"}],"wp:featuredmedia":[{"embeddable":true,"href":"https:\/\/diarioregionaldigital.com.br\/index.php?rest_route=\/wp\/v2\/media\/113002"}],"wp:attachment":[{"href":"https:\/\/diarioregionaldigital.com.br\/index.php?rest_route=%2Fwp%2Fv2%2Fmedia&parent=112998"}],"wp:term":[{"taxonomy":"category","embeddable":true,"href":"https:\/\/diarioregionaldigital.com.br\/index.php?rest_route=%2Fwp%2Fv2%2Fcategories&post=112998"},{"taxonomy":"post_tag","embeddable":true,"href":"https:\/\/diarioregionaldigital.com.br\/index.php?rest_route=%2Fwp%2Fv2%2Ftags&post=112998"}],"curies":[{"name":"wp","href":"https:\/\/api.w.org\/{rel}","templated":true}]}}