{"id":112987,"date":"2018-07-27T07:00:31","date_gmt":"2018-07-27T10:00:31","guid":{"rendered":"http:\/\/diarioregionaljf.com.br\/?p=112987"},"modified":"2018-07-27T07:21:17","modified_gmt":"2018-07-27T10:21:17","slug":"comissao-especial-minha-casa-minha-vida-completa-um-ano-de-trabalho","status":"publish","type":"post","link":"https:\/\/diarioregionaldigital.com.br\/?p=112987","title":{"rendered":"Comiss\u00e3o Especial Minha Casa, Minha Vida completa um ano de trabalho"},"content":{"rendered":"<p>A Comiss\u00e3o Especial Minha Casa, Minha Vida, da C\u00e2mara Municipal de Juiz de Fora (CMJF), completou um ano de trabalho neste m\u00eas. Em parceira com o Conselho Municipal de Habita\u00e7\u00e3o, a Comiss\u00e3o tem como finalidade buscar solu\u00e7\u00f5es para os problemas que envolvem o programa habitacional do Governo federal.<\/p>\n<p>A implementa\u00e7\u00e3o da Comiss\u00e3o surgiu como uma das ideias de trabalho ap\u00f3s a realiza\u00e7\u00e3o de uma audi\u00eancia p\u00fablica, que tratava dos problemas no empreendimento, na C\u00e2mara Municipal em junho de 2017. Semanas depois foi criado grupo que \u00e9 formado pelos vereadores Mello Casal (PTB), Charlles Evangelista (PP) e Marlon Siqueira (PMDB). \u201cA instala\u00e7\u00e3o da Comiss\u00e3o nos permitiu atrav\u00e9s das nossas reuni\u00f5es a aproxima\u00e7\u00e3o com os \u00f3rg\u00e3os envolvidos no Minha Casa, Minha Vida\u201d, destacou o presidente do grupo, vereador Mello Casal.<\/p>\n<p>Ap\u00f3s um ano de encontros e tr\u00e2mites, a Comiss\u00e3o trouxe a primeira solu\u00e7\u00e3o para os moradores do condom\u00ednio Vivendas Belo Valle, no bairro S\u00e3o Geraldo, zona Sul, a individualiza\u00e7\u00e3o dos servi\u00e7os de \u00e1gua e esgoto. \u201cIsso faz com que solucione um problema grave. A \u00e1gua era cobrada do condom\u00ednio e ent\u00e3o se algum morador estivesse inadimplente prejudicava os demais porque poderia acarretar problemas no fornecimento de \u00e1gua. Com a individualiza\u00e7\u00e3o, cada um ser\u00e1 respons\u00e1vel pelo seu consumo\u201d, esclareceu Luiz Fernando Sirimarco, presidente do Conselho Municipal de Habita\u00e7\u00e3o.<\/p>\n<p>H\u00e1 cerca de uma semana, foi assinado um acordo entre a Companhia de Saneamento Municipal (Cesama) e a Caixa Econ\u00f4mica Federal no tangente \u00e0 individualiza\u00e7\u00e3o dos servi\u00e7os de \u00e1gua e esgoto no empreendimento. \u201cO prazo [para o in\u00edcio dos trabalhos] ser\u00e1 estabelecido pela Cesama. Precisam ser acertados alguns detalhes, por exemplo, os moradores ser\u00e3o chamados novamente a Companhia para tratar de algumas tratativas e \u00e9 necess\u00e1rio fazer o levantamento de apartamentos que foram invadidos. Por\u00e9m, esperamos que d\u00ea certo para que possamos implementar nas demais unidades habitacionais que h\u00e1 na cidade\u201d, complementou Mello Casal.<\/p>\n<div id=\"attachment_112990\" style=\"width: 2084px\" class=\"wp-caption aligncenter\"><img loading=\"lazy\" decoding=\"async\" aria-describedby=\"caption-attachment-112990\" class=\"size-full wp-image-112990\" src=\"http:\/\/diarioregionaljf.com.br\/wp-content\/uploads\/2018\/07\/minhacasaminhavida-1.jpg\" alt=\"\" width=\"2074\" height=\"1383\" srcset=\"https:\/\/diarioregionaldigital.com.br\/wp-content\/uploads\/2018\/07\/minhacasaminhavida-1.jpg 2074w, https:\/\/diarioregionaldigital.com.br\/wp-content\/uploads\/2018\/07\/minhacasaminhavida-1-300x200.jpg 300w, https:\/\/diarioregionaldigital.com.br\/wp-content\/uploads\/2018\/07\/minhacasaminhavida-1-768x512.jpg 768w, https:\/\/diarioregionaldigital.com.br\/wp-content\/uploads\/2018\/07\/minhacasaminhavida-1-1024x683.jpg 1024w, https:\/\/diarioregionaldigital.com.br\/wp-content\/uploads\/2018\/07\/minhacasaminhavida-1-360x240.jpg 360w\" sizes=\"auto, (max-width: 2074px) 100vw, 2074px\" \/><p id=\"caption-attachment-112990\" class=\"wp-caption-text\">A comiss\u00e3o \u00e9 presidida pelo vereador Mello Casal. Foto: Rafaela Frutuoso<\/p><\/div>\n<p>Ainda em rela\u00e7\u00e3o aos dos servi\u00e7os de \u00e1gua e esgoto, o parlamentar ainda informou que ser\u00e1 implementado um projeto piloto no Residencial Arauc\u00e1rias, no bairro Sagrado Cora\u00e7\u00e3o, zona Sul, e no Residencial 24 de Junho, no bairro S\u00e3o Jo\u00e3o, zona Norte. \u201cSer\u00e1 instalada medi\u00e7\u00e3o eletr\u00f4nica em um bloco de cada um dos residenciais. A Cesama j\u00e1 verificou com a Arsae [Ag\u00eancia Reguladora de Servi\u00e7os de Abastecimento de \u00c1gua e de Esgotamento Sanit\u00e1rio do Estado de Minas Gerais] e o projeto ser\u00e1 financiado pela Caixa. Tamb\u00e9m se der certo, ser\u00e1 expandido para os demais\u201d, afirmou o vereador ao destacar que o projeto ser\u00e1 tamb\u00e9m testado pela primeira vez entre os conjuntos habitacionais de todo o Brasil.<\/p>\n<p>Os trabalhos da Comiss\u00e3o tamb\u00e9m renderam bons frutos para a filial da Caixa Econ\u00f4mica do munic\u00edpio. \u201cEstamos em primeiro lugar no ranking, dentre as cidades de todo o pa\u00eds, devido a resolu\u00e7\u00f5es de problemas nesses empreendimentos\u201d, ressaltou Mello Casal.<\/p>\n<p>&nbsp;<\/p>\n<p><strong>PR\u00d3XIMOS DESAFIOS<\/strong><\/p>\n<p>O presidente do Conselho Municipal de Habita\u00e7\u00e3o, Luiz Fernando Sirimarco, relembrou que ainda h\u00e1 outras demandas importantes e que guiar\u00e3o os pr\u00f3ximos passos. \u201cTemos as quest\u00f5es dos v\u00edcios construtivos, a seguran\u00e7a e a reintegra\u00e7\u00e3o de posse. Em rela\u00e7\u00e3o aos v\u00edcios construtivos, estamos discutindo para que haja uma solu\u00e7\u00e3o, pois temos, por exemplo, locais com defeitos no telhado. \u00c9 preciso que tenha a responsabiliza\u00e7\u00e3o para que haja a solu\u00e7\u00e3o do problema\u201d, disse Sirimarco.<\/p>\n<p>O impasse deste item \u00e9 quem deveria ser responsabilizado pelos danos estruturais das unidades: a Caixa Econ\u00f4mica, administradora dos recursos do Fundo de Arrendamento Residencial (FAR) que s\u00e3o usados para viabilizar a constru\u00e7\u00e3o de unidades habitacionais, ou as empreiteiras respons\u00e1veis pelas obras.<\/p>\n<p>\u201cQuanto \u00e0 seguran\u00e7a, temos discutido muito e ainda vamos debater mais devido \u00e0 import\u00e2ncia do tema. Vai demorar um pouco, mas a gente espera que tenhamos resultados em breve\u201d, acrescentou Sirimarco.<\/p>\n<p>No que diz respeito \u00e0 reintegra\u00e7\u00e3o de posse, o vereador Mello Casal, disse que tamb\u00e9m precisar\u00e1 de mais tempo para realiz\u00e1-las. \u201cHouve mudan\u00e7as devido a portarias ministeriais, estamos estudando para saber como ser\u00e3o os procedimentos para reintegra\u00e7\u00e3o\u201d, explicou.<\/p>\n<p>Comiss\u00e3o Especial Minha Casa, Minha Vida, como salientou o vereador, n\u00e3o tem prazo para concluir os seus trabalhos. \u201cA comiss\u00e3o foi de grande valia, principalmente devido ao suporte dado ao Conselho Municipal de Habita\u00e7\u00e3o. Esperamos dar continuidade ao trabalho e melhorar a qualidade dessas pessoas\u201d, finalizou.<\/p>\n<p>&nbsp;<\/p>\n","protected":false},"excerpt":{"rendered":"<p>A Comiss\u00e3o Especial Minha Casa, Minha Vida, da C\u00e2mara Municipal de Juiz de Fora (CMJF), completou um ano de trabalho neste m\u00eas. Em parceira com o Conselho Municipal de Habita\u00e7\u00e3o, a Comiss\u00e3o tem como finalidade buscar solu\u00e7\u00f5es para os problemas que envolvem o programa habitacional do Governo federal. A implementa\u00e7\u00e3o da Comiss\u00e3o surgiu como uma [&hellip;]<\/p>\n","protected":false},"author":96,"featured_media":112988,"comment_status":"closed","ping_status":"closed","sticky":false,"template":"","format":"standard","meta":{"footnotes":""},"categories":[253,440,439],"tags":[],"class_list":["post-112987","post","type-post","status-publish","format-standard","has-post-thumbnail","hentry","category-cidade","category-destaques-do-dia","category-ultima-hora"],"_links":{"self":[{"href":"https:\/\/diarioregionaldigital.com.br\/index.php?rest_route=\/wp\/v2\/posts\/112987","targetHints":{"allow":["GET"]}}],"collection":[{"href":"https:\/\/diarioregionaldigital.com.br\/index.php?rest_route=\/wp\/v2\/posts"}],"about":[{"href":"https:\/\/diarioregionaldigital.com.br\/index.php?rest_route=\/wp\/v2\/types\/post"}],"author":[{"embeddable":true,"href":"https:\/\/diarioregionaldigital.com.br\/index.php?rest_route=\/wp\/v2\/users\/96"}],"replies":[{"embeddable":true,"href":"https:\/\/diarioregionaldigital.com.br\/index.php?rest_route=%2Fwp%2Fv2%2Fcomments&post=112987"}],"version-history":[{"count":0,"href":"https:\/\/diarioregionaldigital.com.br\/index.php?rest_route=\/wp\/v2\/posts\/112987\/revisions"}],"wp:featuredmedia":[{"embeddable":true,"href":"https:\/\/diarioregionaldigital.com.br\/index.php?rest_route=\/wp\/v2\/media\/112988"}],"wp:attachment":[{"href":"https:\/\/diarioregionaldigital.com.br\/index.php?rest_route=%2Fwp%2Fv2%2Fmedia&parent=112987"}],"wp:term":[{"taxonomy":"category","embeddable":true,"href":"https:\/\/diarioregionaldigital.com.br\/index.php?rest_route=%2Fwp%2Fv2%2Fcategories&post=112987"},{"taxonomy":"post_tag","embeddable":true,"href":"https:\/\/diarioregionaldigital.com.br\/index.php?rest_route=%2Fwp%2Fv2%2Ftags&post=112987"}],"curies":[{"name":"wp","href":"https:\/\/api.w.org\/{rel}","templated":true}]}}