{"id":112983,"date":"2018-07-27T06:00:52","date_gmt":"2018-07-27T09:00:52","guid":{"rendered":"http:\/\/diarioregionaljf.com.br\/?p=112983"},"modified":"2018-07-27T10:01:44","modified_gmt":"2018-07-27T13:01:44","slug":"acao-no-bairro-santo-antonio-leva-orientacao-juridica-e-outras-atividades-gratuitas-aos-juiz-foranos","status":"publish","type":"post","link":"https:\/\/diarioregionaldigital.com.br\/?p=112983","title":{"rendered":"A\u00e7\u00e3o no bairro Santo Ant\u00f4nio leva orienta\u00e7\u00e3o jur\u00eddica e outras atividades gratuitas aos juiz-foranos"},"content":{"rendered":"<p>Com o intuito de levar cidadania e solidariedade atrav\u00e9s de atividades e atendimentos diversos \u00e0 comunidade em geral, o grupo Associa\u00e7\u00e3o Wesleyana de A\u00e7\u00e3o Social (AWAS) em parceria com a Igreja Metodista Wesleyana e entidades p\u00fablicas e privadas, realizar\u00e1 neste s\u00e1bado, 28, o projeto \u201cExpress\u00e3o e Amor\u201d. O evento ser\u00e1 realizado no bairro Santo Ant\u00f4nio, regi\u00e3o Sudeste de Juiz de Fora, na Rua Francisco Fontainha, 164 (pr\u00f3ximo da Pra\u00e7a e da Escola).<\/p>\n<p>A a\u00e7\u00e3o contar\u00e1 com atendimentos Jur\u00eddicos, al\u00e9m de recrea\u00e7\u00e3o, brincadeiras para as crian\u00e7as, corte de cabelos, orienta\u00e7\u00f5es sobre os primeiros socorros, entre outras atividades gratuitas que ser\u00e3o realizadas pelo Samu e Sesc. O projeto est\u00e1 marcado para come\u00e7ar \u00e0s 13h, indo at\u00e9 as 17h, sendo que ap\u00f3s estes atendimentos, acontecer\u00e1 uma celebra\u00e7\u00e3o das 19h30 \u00e0s 21h. Na ocasi\u00e3o, ser\u00e1 um momento de agradecimento a todos os envolvidos com o projeto e acontece a entrega dos certificados para aqueles que trabalharem como volunt\u00e1rios.<\/p>\n<div id=\"attachment_112984\" style=\"width: 970px\" class=\"wp-caption alignnone\"><img loading=\"lazy\" decoding=\"async\" aria-describedby=\"caption-attachment-112984\" class=\"size-full wp-image-112984\" src=\"http:\/\/diarioregionaljf.com.br\/wp-content\/uploads\/2018\/07\/acao.jpeg\" alt=\"\" width=\"960\" height=\"720\" srcset=\"https:\/\/diarioregionaldigital.com.br\/wp-content\/uploads\/2018\/07\/acao.jpeg 960w, https:\/\/diarioregionaldigital.com.br\/wp-content\/uploads\/2018\/07\/acao-300x225.jpeg 300w, https:\/\/diarioregionaldigital.com.br\/wp-content\/uploads\/2018\/07\/acao-768x576.jpeg 768w, https:\/\/diarioregionaldigital.com.br\/wp-content\/uploads\/2018\/07\/acao-360x270.jpeg 360w\" sizes=\"auto, (max-width: 960px) 100vw, 960px\" \/><p id=\"caption-attachment-112984\" class=\"wp-caption-text\">O evento ser\u00e1 realizado no bairro Santo Ant\u00f4nio. Foto: Divulga\u00e7\u00e3o<\/p><\/div>\n<p>De acordo com o advogado e representante da AWAS, Edilton Le\u00e3o, o projeto \u00e9 realizado desde 2008, tendo passado por Manhua\u00e7u, Itinga (regi\u00e3o do Vale de Jequitinhonha), entre outras cidades, acontecendo pela primeira vez em Juiz de Fora. \u201cA inten\u00e7\u00e3o do projeto \u00e9 movimentar e trazer mais esperan\u00e7a e cidadania \u00e0s pessoas, porque, nos dia de hoje, as pessoas ficam um pouco distantes do conhecimento dos seus direitos. A inten\u00e7\u00e3o \u00e9 tamb\u00e9m neste sentido, levar a aproxima\u00e7\u00e3o maior sobre algumas entidades que podem prestar um servi\u00e7o melhor \u00e0 popula\u00e7\u00e3o e n\u00e3o s\u00f3 no sentido p\u00fablico, mas tamb\u00e9m no sentido privado. A inten\u00e7\u00e3o \u00e9 que as pessoas possam chegar at\u00e9 l\u00e1 e serem atendidas, saindo realmente felizes com o resultado\u201d, nos contou Le\u00e3o.<\/p>\n<p>O representante ainda afirmou que a Associa\u00e7\u00e3o AWAS est\u00e1 prop\u00edcia a formar novas parcerias com o intuito de ampliar cada vez mais os servi\u00e7os de atendimento \u00e0 popula\u00e7\u00e3o.<\/p>\n<p>As atividades ir\u00e3o continuar sendo realizadas em outras localidades da cidade e ter\u00e1 como parceria outras institui\u00e7\u00f5es. Para as outras datas, j\u00e1 est\u00e3o confirmadas as faculdades Facsum e Suprema, que ir\u00e3o disponibilizar novas atra\u00e7\u00f5es. Confira a programa\u00e7\u00e3o.<\/p>\n<p>&nbsp;<\/p>\n<p><strong>DATAS<\/strong><\/p>\n<p>28\/07 \u2013 Bairro Santo Ant\u00f4nio<\/p>\n<p>11\/08 \u2013 Bairro Nossa Senhora Aparecida<\/p>\n<p>29\/09 \u2013 Centro<\/p>\n<p>27\/10 \u2013 Bairro Vivendas da Serra<\/p>\n<p>24\/11 \u2013 Centro<\/p>\n<p>&nbsp;<\/p>\n<p>&nbsp;<\/p>\n<p>&nbsp;<\/p>\n","protected":false},"excerpt":{"rendered":"<p>Com o intuito de levar cidadania e solidariedade atrav\u00e9s de atividades e atendimentos diversos \u00e0 comunidade em geral, o grupo Associa\u00e7\u00e3o Wesleyana de A\u00e7\u00e3o Social (AWAS) em parceria com a Igreja Metodista Wesleyana e entidades p\u00fablicas e privadas, realizar\u00e1 neste s\u00e1bado, 28, o projeto \u201cExpress\u00e3o e Amor\u201d. O evento ser\u00e1 realizado no bairro Santo Ant\u00f4nio, [&hellip;]<\/p>\n","protected":false},"author":96,"featured_media":112985,"comment_status":"closed","ping_status":"closed","sticky":false,"template":"","format":"standard","meta":{"footnotes":""},"categories":[253,440,439],"tags":[],"class_list":["post-112983","post","type-post","status-publish","format-standard","has-post-thumbnail","hentry","category-cidade","category-destaques-do-dia","category-ultima-hora"],"_links":{"self":[{"href":"https:\/\/diarioregionaldigital.com.br\/index.php?rest_route=\/wp\/v2\/posts\/112983","targetHints":{"allow":["GET"]}}],"collection":[{"href":"https:\/\/diarioregionaldigital.com.br\/index.php?rest_route=\/wp\/v2\/posts"}],"about":[{"href":"https:\/\/diarioregionaldigital.com.br\/index.php?rest_route=\/wp\/v2\/types\/post"}],"author":[{"embeddable":true,"href":"https:\/\/diarioregionaldigital.com.br\/index.php?rest_route=\/wp\/v2\/users\/96"}],"replies":[{"embeddable":true,"href":"https:\/\/diarioregionaldigital.com.br\/index.php?rest_route=%2Fwp%2Fv2%2Fcomments&post=112983"}],"version-history":[{"count":0,"href":"https:\/\/diarioregionaldigital.com.br\/index.php?rest_route=\/wp\/v2\/posts\/112983\/revisions"}],"wp:featuredmedia":[{"embeddable":true,"href":"https:\/\/diarioregionaldigital.com.br\/index.php?rest_route=\/wp\/v2\/media\/112985"}],"wp:attachment":[{"href":"https:\/\/diarioregionaldigital.com.br\/index.php?rest_route=%2Fwp%2Fv2%2Fmedia&parent=112983"}],"wp:term":[{"taxonomy":"category","embeddable":true,"href":"https:\/\/diarioregionaldigital.com.br\/index.php?rest_route=%2Fwp%2Fv2%2Fcategories&post=112983"},{"taxonomy":"post_tag","embeddable":true,"href":"https:\/\/diarioregionaldigital.com.br\/index.php?rest_route=%2Fwp%2Fv2%2Ftags&post=112983"}],"curies":[{"name":"wp","href":"https:\/\/api.w.org\/{rel}","templated":true}]}}