{"id":112970,"date":"2018-07-29T06:00:43","date_gmt":"2018-07-29T09:00:43","guid":{"rendered":"http:\/\/diarioregionaljf.com.br\/?p=112970"},"modified":"2018-07-27T20:19:58","modified_gmt":"2018-07-27T23:19:58","slug":"o-inesquecivel-villa-lobos","status":"publish","type":"post","link":"https:\/\/diarioregionaldigital.com.br\/?p=112970","title":{"rendered":"O INESQUEC\u00cdVEL VILLA-LOBOS"},"content":{"rendered":"<p>Est\u00e1 fazendo um grande sucesso o projeto \u201cM\u00fasica nas escolas\u201d, criado pelo professor Carlos Alberto Serpa, presidente da Funda\u00e7\u00e3o Cesgranrio. Ao escrever sobre o assunto, de prop\u00f3sito, n\u00e3o citei o grande maestro Villa-Lobos. Por um motivo s\u00f3: queria homenage\u00e1-lo sozinho, pelo muito que realizou no sentido de valorizar a educa\u00e7\u00e3o musical em nosso pa\u00eds. Quem n\u00e3o se recorda disso?<\/p>\n<p>&nbsp;<\/p>\n<p>Gra\u00e7as \u00e0 iniciativa do educador An\u00edsio Teixeira, na \u00e9poca diretor do Departamento de Educa\u00e7\u00e3o da Prefeitura do Distrito Federal, Villa-Lobos assumiu como diretor da Superintend\u00eancia de Educa\u00e7\u00e3o Musical e Art\u00edstica (SEMA). Preocupado com os rumos da educa\u00e7\u00e3o brasileira, que n\u00e3o apresentava n\u00fameros positivos, ele viu nessa empreitada uma grande oportunidade para a implanta\u00e7\u00e3o de um projeto de educa\u00e7\u00e3o musical nas escolas.<\/p>\n<p>&nbsp;<\/p>\n<p>A sua intensa participa\u00e7\u00e3o nesta aventura educativa resultou na implanta\u00e7\u00e3o do Curso do Canto Orfe\u00f4nico, que usava vocabul\u00e1rios oriundos de outras \u00e1reas do conhecimento, e na publica\u00e7\u00e3o de um Guia Pr\u00e1tico para a Educa\u00e7\u00e3o Art\u00edstica e Musical<strong>, <\/strong>com 11 volumes, reunindo 137 cantigas e contendo exerc\u00edcios de canto. O projeto tinha amplo apoio do ent\u00e3o Presidente da Rep\u00fablica, Get\u00falio Vargas, e o resultado n\u00e3o poderia ser diferente: o maestro legou, \u00e0 cultura brasileira, obras de grande valor, como a s\u00e9rie de Bachianas Brasileiras.<\/p>\n<p>&nbsp;<\/p>\n<p>O que se viu ap\u00f3s o in\u00edcio do projeto de Villa-Lobos foi o florescimento de in\u00fameras atividades nas escolas brasileiras, com a realiza\u00e7\u00e3o de belos espet\u00e1culos para grandes plateias, valorizando com isso as m\u00fasicas folcl\u00f3ricas brasileiras. O auge da popularidade de Villa-Lobos foi a celebra\u00e7\u00e3o do Dia da Independ\u00eancia, no est\u00e1dio de S\u00e3o Janu\u00e1rio, quando regeu um coral de 40 mil crian\u00e7as interpretando o Hino Nacional e outras pe\u00e7as musicais.<\/p>\n<p>&nbsp;<\/p>\n<p>A vis\u00e3o cultural villa-lobiana era t\u00e3o perfeita, que ele soube muito bem escolher repert\u00f3rio musical cultural brasileiro, selecionando as obras que eram as preferidas das popula\u00e7\u00f5es rurais e urbanas, resgatando as principais manifesta\u00e7\u00f5es populares, e mostrando, com isso, o verdadeiro retrato cultural do Brasil. As suas viagens no in\u00edcio do s\u00e9culo passado, pelas regi\u00f5es Norte e Nordeste, quando registrou as cantigas de roda e a arte dos cantores, repentistas e instrumentistas locais, ajudou muito no desenvolvimento de seu trabalho.<\/p>\n<p>&nbsp;<\/p>\n<p>Para o maestro, era preciso valorizar os elementos musicais regionais e as tradi\u00e7\u00f5es brasileiras. Atrav\u00e9s da sua proposta educacional, seria poss\u00edvel aos alunos conquistar o desenvolvimento art\u00edstico de alta qualidade, fazendo com que se tornassem mais educados. Segundo a opini\u00e3o de especialistas, a tem\u00e1tica de sua obra era basicamente popular, mas a forma como ele trabalhava suas produ\u00e7\u00f5es era totalmente tomada de erudi\u00e7\u00e3o. Essa caracter\u00edstica marcou profundamente a sua obra, que vem sendo reverenciada atrav\u00e9s dos tempos, colocando-o no patamar mais alto quando se fala nos grandes nomes da m\u00fasica brasileira.<\/p>\n<p>&nbsp;<\/p>\n<p>Poder\u00edamos dizer o programa de capacita\u00e7\u00e3o docente criado por Villa-Lobos, na d\u00e9cada de 1930, foi a melhor contribui\u00e7\u00e3o j\u00e1 prestada \u00e0 m\u00fasica brasileira.<\/p>\n<p>&nbsp;<\/p>\n<p>&nbsp;<\/p>\n","protected":false},"excerpt":{"rendered":"<p>Est\u00e1 fazendo um grande sucesso o projeto \u201cM\u00fasica nas escolas\u201d, criado pelo professor Carlos Alberto Serpa, presidente da Funda\u00e7\u00e3o Cesgranrio. Ao escrever sobre o assunto, de prop\u00f3sito, n\u00e3o citei o grande maestro Villa-Lobos. Por um motivo s\u00f3: queria homenage\u00e1-lo sozinho, pelo muito que realizou no sentido de valorizar a educa\u00e7\u00e3o musical em nosso pa\u00eds. Quem [&hellip;]<\/p>\n","protected":false},"author":96,"featured_media":96753,"comment_status":"closed","ping_status":"closed","sticky":false,"template":"","format":"standard","meta":{"footnotes":""},"categories":[275,436,439],"tags":[],"class_list":["post-112970","post","type-post","status-publish","format-standard","has-post-thumbnail","hentry","category-arnaldo-niskier","category-destaque-da-semana","category-ultima-hora"],"_links":{"self":[{"href":"https:\/\/diarioregionaldigital.com.br\/index.php?rest_route=\/wp\/v2\/posts\/112970","targetHints":{"allow":["GET"]}}],"collection":[{"href":"https:\/\/diarioregionaldigital.com.br\/index.php?rest_route=\/wp\/v2\/posts"}],"about":[{"href":"https:\/\/diarioregionaldigital.com.br\/index.php?rest_route=\/wp\/v2\/types\/post"}],"author":[{"embeddable":true,"href":"https:\/\/diarioregionaldigital.com.br\/index.php?rest_route=\/wp\/v2\/users\/96"}],"replies":[{"embeddable":true,"href":"https:\/\/diarioregionaldigital.com.br\/index.php?rest_route=%2Fwp%2Fv2%2Fcomments&post=112970"}],"version-history":[{"count":0,"href":"https:\/\/diarioregionaldigital.com.br\/index.php?rest_route=\/wp\/v2\/posts\/112970\/revisions"}],"wp:featuredmedia":[{"embeddable":true,"href":"https:\/\/diarioregionaldigital.com.br\/index.php?rest_route=\/wp\/v2\/media\/96753"}],"wp:attachment":[{"href":"https:\/\/diarioregionaldigital.com.br\/index.php?rest_route=%2Fwp%2Fv2%2Fmedia&parent=112970"}],"wp:term":[{"taxonomy":"category","embeddable":true,"href":"https:\/\/diarioregionaldigital.com.br\/index.php?rest_route=%2Fwp%2Fv2%2Fcategories&post=112970"},{"taxonomy":"post_tag","embeddable":true,"href":"https:\/\/diarioregionaldigital.com.br\/index.php?rest_route=%2Fwp%2Fv2%2Ftags&post=112970"}],"curies":[{"name":"wp","href":"https:\/\/api.w.org\/{rel}","templated":true}]}}