{"id":112962,"date":"2018-07-27T06:00:44","date_gmt":"2018-07-27T09:00:44","guid":{"rendered":"http:\/\/diarioregionaljf.com.br\/?p=112962"},"modified":"2018-07-26T18:46:32","modified_gmt":"2018-07-26T21:46:32","slug":"112962","status":"publish","type":"post","link":"https:\/\/diarioregionaldigital.com.br\/?p=112962","title":{"rendered":"Solenidade"},"content":{"rendered":"<p style=\"text-align: center;\"><strong>Cantoria<\/strong><\/p>\n<p style=\"text-align: center;\">Agosto promete um m\u00eas de muitas festas. A nova edi\u00e7\u00e3o da Cavalgada Sertaneja ser\u00e1 realizada dia 5 de agosto, no Barc\u00e3o &#8211; Canil First Dog. O bonito encontro de cavaleiros, amazonas e berranteiros ter\u00e1 o tom musical da dupla Guilherme &amp; Gustavo.<\/p>\n<p style=\"text-align: center;\"><strong>Dan\u00e7a<\/strong><\/p>\n<p style=\"text-align: center;\">Para a Campanha de Populariza\u00e7\u00e3o do Teatro e da Dan\u00e7a de Juiz de Fora, uma estreia \u00e9 muito esperada: o grupo de dan\u00e7a Nun, que colocar\u00e1 em cena quatro bailarinos em coreografia junto a uma instala\u00e7\u00e3o art\u00edstica em formato de cubo. A dire\u00e7\u00e3o de \u201cAmanh\u00e3 talvez eu fa\u00e7a a mesma coisa\u201d \u00e9 de Cec\u00edlia Cherem, com elenco formado por ela mesma, al\u00e9m de Bruno Psi, Maria Clara Nardy e Tha\u00eds Braga. Ser\u00e1 dias 16, 23 e 24 de agosto, \u00e0s 20h, no OAndarDeBaixo.<\/p>\n<p style=\"text-align: center;\"><strong>Sucesso<\/strong><\/p>\n<p style=\"text-align: center;\">O brasileiro Marcelo D\u2019Salete est\u00e1 em estado alfa. Lan\u00e7ado pela Fantagraphics com o t\u00edtulo \u201cRun for it\u201d, nos Estados Unidos, ele ganhou o pr\u00eamio Einsner de melhor edi\u00e7\u00e3o americana de material estrangeiro. O Einsner premia os melhores trabalhos do mercado editorial de quadrinho (HQ) e a cerim\u00f4nia de entrega dos trof\u00e9us acontece durante a San Diego Comic-Com.<\/p>\n<p style=\"text-align: center;\"><strong>Olha que legal<\/strong><\/p>\n<p style=\"text-align: center;\">O Instituto Serrapilheira, funda\u00e7\u00e3o de apoio \u00e0 ci\u00eancia criada pelo casal, Branca e Jo\u00e3o Moreira Salles, patrocinar\u00e1 a participa\u00e7\u00e3o de 19 matem\u00e1ticas negras e duas ind\u00edgenas no Congresso Internacional de Matem\u00e1tica \u2013 o evento, o mais importe da \u00e1rea, acontece em agosto no Rio de Janeiro. S\u00e3o professoras, mestres e doutoras que participar\u00e3o de um evento sat\u00e9lite do congresso sobre disparidade de g\u00eanero na matem\u00e1tica.<\/p>\n<p style=\"text-align: center;\"><strong>Solenidade<\/strong><\/p>\n<p style=\"text-align: center;\">A Associa\u00e7\u00e3o Internacional de Lions Clubes Distrito Lc. 12 AL 2018\/2019 promove nos dias 28 e 29 de julho, no Clube S\u00edrio e Liban\u00eas festividades, sess\u00f5es plen\u00e1rias e Noite do Companheirismo. Dentre destaques, a composi\u00e7\u00e3o da mesa diretora pelo CL Pedro Barrote e a abertura pela DG Cal Lea Maria Burnier Costa.<\/p>\n<div id=\"attachment_112919\" style=\"width: 690px\" class=\"wp-caption aligncenter\"><img loading=\"lazy\" decoding=\"async\" aria-describedby=\"caption-attachment-112919\" class=\"wp-image-112919\" src=\"http:\/\/diarioregionaljf.com.br\/wp-content\/uploads\/2018\/07\/fotoa-17.jpg\" alt=\"\" width=\"680\" height=\"510\" srcset=\"https:\/\/diarioregionaldigital.com.br\/wp-content\/uploads\/2018\/07\/fotoa-17.jpg 960w, https:\/\/diarioregionaldigital.com.br\/wp-content\/uploads\/2018\/07\/fotoa-17-300x225.jpg 300w, https:\/\/diarioregionaldigital.com.br\/wp-content\/uploads\/2018\/07\/fotoa-17-768x576.jpg 768w, https:\/\/diarioregionaldigital.com.br\/wp-content\/uploads\/2018\/07\/fotoa-17-360x270.jpg 360w\" sizes=\"auto, (max-width: 680px) 100vw, 680px\" \/><p id=\"caption-attachment-112919\" class=\"wp-caption-text\">O coiffeur Lisandro Reis produziu as elegantes Ana Maria Bousada, V\u00e2nia Dutra, Beth Bousada, Serciane Bousada e Francisca Bousada para noite de formatura no Hotel Windsor Excelsior<\/p><\/div>\n<div id=\"attachment_112921\" style=\"width: 690px\" class=\"wp-caption aligncenter\"><img loading=\"lazy\" decoding=\"async\" aria-describedby=\"caption-attachment-112921\" class=\"wp-image-112921\" src=\"http:\/\/diarioregionaljf.com.br\/wp-content\/uploads\/2018\/07\/fotoc-15-e1532637263337.jpg\" alt=\"\" width=\"680\" height=\"907\" \/><p id=\"caption-attachment-112921\" class=\"wp-caption-text\">Na OAB\/Barbacena, os advogados Eliseu Marques, Anna Ede e Murilo Braga<\/p><\/div>\n<div id=\"attachment_112920\" style=\"width: 690px\" class=\"wp-caption aligncenter\"><img loading=\"lazy\" decoding=\"async\" aria-describedby=\"caption-attachment-112920\" class=\"wp-image-112920\" src=\"http:\/\/diarioregionaljf.com.br\/wp-content\/uploads\/2018\/07\/fotob-19-e1532637014439.jpg\" alt=\"\" width=\"680\" height=\"1020\" \/><p id=\"caption-attachment-112920\" class=\"wp-caption-text\">No Rio de Janeiro, o querido casal Lenise Figueiredo e Omar Peres<\/p><\/div>\n<div id=\"attachment_112922\" style=\"width: 690px\" class=\"wp-caption aligncenter\"><img loading=\"lazy\" decoding=\"async\" aria-describedby=\"caption-attachment-112922\" class=\"wp-image-112922\" src=\"http:\/\/diarioregionaljf.com.br\/wp-content\/uploads\/2018\/07\/fotod-16.jpg\" alt=\"\" width=\"680\" height=\"510\" srcset=\"https:\/\/diarioregionaldigital.com.br\/wp-content\/uploads\/2018\/07\/fotod-16.jpg 960w, https:\/\/diarioregionaldigital.com.br\/wp-content\/uploads\/2018\/07\/fotod-16-300x225.jpg 300w, https:\/\/diarioregionaldigital.com.br\/wp-content\/uploads\/2018\/07\/fotod-16-768x576.jpg 768w, https:\/\/diarioregionaldigital.com.br\/wp-content\/uploads\/2018\/07\/fotod-16-360x270.jpg 360w\" sizes=\"auto, (max-width: 680px) 100vw, 680px\" \/><p id=\"caption-attachment-112922\" class=\"wp-caption-text\">No Centro de Futebol Zico, Erika Beire e Leonardo Beire receberam os jogadores de futsal, L\u00e9o Santana e Ramon Pav\u00e3o<\/p><\/div>\n<div id=\"attachment_112923\" style=\"width: 690px\" class=\"wp-caption aligncenter\"><img loading=\"lazy\" decoding=\"async\" aria-describedby=\"caption-attachment-112923\" class=\"wp-image-112923\" src=\"http:\/\/diarioregionaljf.com.br\/wp-content\/uploads\/2018\/07\/fotoe-14.jpg\" alt=\"\" width=\"680\" height=\"510\" srcset=\"https:\/\/diarioregionaldigital.com.br\/wp-content\/uploads\/2018\/07\/fotoe-14.jpg 960w, https:\/\/diarioregionaldigital.com.br\/wp-content\/uploads\/2018\/07\/fotoe-14-300x225.jpg 300w, https:\/\/diarioregionaldigital.com.br\/wp-content\/uploads\/2018\/07\/fotoe-14-768x576.jpg 768w, https:\/\/diarioregionaldigital.com.br\/wp-content\/uploads\/2018\/07\/fotoe-14-360x270.jpg 360w\" sizes=\"auto, (max-width: 680px) 100vw, 680px\" \/><p id=\"caption-attachment-112923\" class=\"wp-caption-text\">Em Bras\u00edlia, na produ\u00e7\u00e3o do filme \u201cPureza\u201d, o juiz-forano Fernando Toledo<\/p><\/div>\n<div id=\"attachment_112924\" style=\"width: 690px\" class=\"wp-caption aligncenter\"><img loading=\"lazy\" decoding=\"async\" aria-describedby=\"caption-attachment-112924\" class=\"wp-image-112924\" src=\"http:\/\/diarioregionaljf.com.br\/wp-content\/uploads\/2018\/07\/fotof-13-e1532637863277.jpg\" alt=\"\" width=\"680\" height=\"907\" \/><p id=\"caption-attachment-112924\" class=\"wp-caption-text\">Em Merc\u00eas, no Hotel Fazenda Cheiro Verde, a m\u00e9dica Rosangela Nascimento com o autor do livro \u201cO primeiro socorro de atendimento hospitalar\u201d, o m\u00e9dico M\u00e1rcio Marliere<\/p><\/div>\n<div id=\"attachment_112926\" style=\"width: 690px\" class=\"wp-caption aligncenter\"><img loading=\"lazy\" decoding=\"async\" aria-describedby=\"caption-attachment-112926\" class=\"wp-image-112926\" src=\"http:\/\/diarioregionaljf.com.br\/wp-content\/uploads\/2018\/07\/fotoh-16-e1532637578477.jpg\" alt=\"\" width=\"680\" height=\"519\" srcset=\"https:\/\/diarioregionaldigital.com.br\/wp-content\/uploads\/2018\/07\/fotoh-16-e1532637578477.jpg 720w, https:\/\/diarioregionaldigital.com.br\/wp-content\/uploads\/2018\/07\/fotoh-16-e1532637578477-300x229.jpg 300w, https:\/\/diarioregionaldigital.com.br\/wp-content\/uploads\/2018\/07\/fotoh-16-e1532637578477-360x275.jpg 360w\" sizes=\"auto, (max-width: 680px) 100vw, 680px\" \/><p id=\"caption-attachment-112926\" class=\"wp-caption-text\">Um close para um dia de inverno no belo jovem Gustavo Fonseca<\/p><\/div>\n<div id=\"attachment_112943\" style=\"width: 690px\" class=\"wp-caption aligncenter\"><img loading=\"lazy\" decoding=\"async\" aria-describedby=\"caption-attachment-112943\" class=\"wp-image-112943\" src=\"http:\/\/diarioregionaljf.com.br\/wp-content\/uploads\/2018\/07\/fotog-15.jpg\" alt=\"\" width=\"680\" height=\"453\" srcset=\"https:\/\/diarioregionaldigital.com.br\/wp-content\/uploads\/2018\/07\/fotog-15.jpg 800w, https:\/\/diarioregionaldigital.com.br\/wp-content\/uploads\/2018\/07\/fotog-15-300x200.jpg 300w, https:\/\/diarioregionaldigital.com.br\/wp-content\/uploads\/2018\/07\/fotog-15-768x512.jpg 768w, https:\/\/diarioregionaldigital.com.br\/wp-content\/uploads\/2018\/07\/fotog-15-360x240.jpg 360w\" sizes=\"auto, (max-width: 680px) 100vw, 680px\" \/><p id=\"caption-attachment-112943\" class=\"wp-caption-text\">Destaques do evento Mem\u00f3rias JF, na Cervejaria Barbante com Josy Amaral, Marcos Miranda e Cristina Farage<\/p><\/div>\n<div id=\"attachment_112927\" style=\"width: 690px\" class=\"wp-caption aligncenter\"><img loading=\"lazy\" decoding=\"async\" aria-describedby=\"caption-attachment-112927\" class=\"wp-image-112927\" src=\"http:\/\/diarioregionaljf.com.br\/wp-content\/uploads\/2018\/07\/fotoi-15.jpg\" alt=\"\" width=\"680\" height=\"383\" srcset=\"https:\/\/diarioregionaldigital.com.br\/wp-content\/uploads\/2018\/07\/fotoi-15.jpg 960w, https:\/\/diarioregionaldigital.com.br\/wp-content\/uploads\/2018\/07\/fotoi-15-300x169.jpg 300w, https:\/\/diarioregionaldigital.com.br\/wp-content\/uploads\/2018\/07\/fotoi-15-768x432.jpg 768w, https:\/\/diarioregionaldigital.com.br\/wp-content\/uploads\/2018\/07\/fotoi-15-360x203.jpg 360w\" sizes=\"auto, (max-width: 680px) 100vw, 680px\" \/><p id=\"caption-attachment-112927\" class=\"wp-caption-text\">Em noite alto astral, os amigos Silas Andrade, Douglas Castro, Tatiane Lucarelle e Marlon Ara\u00fajo<\/p><\/div>\n<div id=\"attachment_112944\" style=\"width: 690px\" class=\"wp-caption aligncenter\"><img loading=\"lazy\" decoding=\"async\" aria-describedby=\"caption-attachment-112944\" class=\"wp-image-112944\" src=\"http:\/\/diarioregionaljf.com.br\/wp-content\/uploads\/2018\/07\/fotoj-11.jpg\" alt=\"\" width=\"680\" height=\"453\" srcset=\"https:\/\/diarioregionaldigital.com.br\/wp-content\/uploads\/2018\/07\/fotoj-11.jpg 800w, https:\/\/diarioregionaldigital.com.br\/wp-content\/uploads\/2018\/07\/fotoj-11-300x200.jpg 300w, https:\/\/diarioregionaldigital.com.br\/wp-content\/uploads\/2018\/07\/fotoj-11-768x512.jpg 768w, https:\/\/diarioregionaldigital.com.br\/wp-content\/uploads\/2018\/07\/fotoj-11-360x240.jpg 360w\" sizes=\"auto, (max-width: 680px) 100vw, 680px\" \/><p id=\"caption-attachment-112944\" class=\"wp-caption-text\">Encerrando sua exposi\u00e7\u00e3o de 25 anos de carreira, a artista Nequitz Miguel posou nos Correios \/JF, com Jonas Quitz, Catia Quitz, Eduardo Gomes, Ol\u00edmpio Quitz e Talison Vardiero<\/p><\/div>\n<p style=\"text-align: center;\"><strong>FOTOSS\u00cdNTESE<\/strong><\/p>\n<p>Considerado o rei da noite na atualidade em Juiz de Fora, o produtor Douglas Polato vai promover na sede social da ASE, no dia 18 de agosto, \u00e0s 22h, o \u201cBaile da Antiga\u201d. Em cena, os DJs Ricardo Silva, Ded\u00e9 Reis e Ronaldo Brinkin. Ingressos na Loja Z\u00e9 Kodak.<\/p>\n<p>L\u00e9o Mota vai remontar duas grandes pe\u00e7as teatrais para a Campanha de Populariza\u00e7\u00e3o do Teatro e da Dan\u00e7a de Juiz de Fora. No dia 16\/08 \u2013 A M\u00e1quina e 17\/08 \u2013 A Dona da Hist\u00f3ria. As apresenta\u00e7\u00f5es, \u00e0s 21h, ser\u00e3o no Teatro Paschoal Carlos Magno. Pre\u00e7o a 10 reais.<\/p>\n<p>Agendado para o dia 29 de julho, \u00e0s 12h, a Festa Julina do Restaurante Valle das Orqu\u00eddeas, na BR-040, Estrada para Monte Verde.<\/p>\n<p>As inscri\u00e7\u00f5es para o Programa Municipal Cart\u00e3o Passe F\u00e1cil Estudante come\u00e7am na quarta-feira, 1\u00ba de agosto. O prazo termina no dia 31 de agosto.<\/p>\n<p>Ser\u00e1 no Premier Hotel a palestra do nutricionista esportivo Rodolfo Peres, que vem a Juiz de Fora para falar sobre qualidade de vida. Ser\u00e1 no domingo.<\/p>\n<p>Solid\u00e1rios e muitos queridos, os craques juiz-foranos Ramon Pav\u00e3o e L\u00e9o Santana promoveram jogo amistoso no Gin\u00e1sio do Sport Club Juiz de Fora arrecadando mais de 500 kg de alimentos que ser\u00e3o encaminhados ao Instituto Bruno e Creche Arco-\u00cdris. Parab\u00e9ns.<\/p>\n<p>O Anfiteatro Jo\u00e3o Carri\u00e7o abre o sal\u00e3o nesta sexta-feira para a escritora Dani Ferreira que vai autografar o livro \u201cDerek Dustin e as cr\u00f4nicas do rei &#8211; o cristal perdido\u201d.<\/p>\n<p>A Campanha de Populariza\u00e7\u00e3o do Teatro e da Dan\u00e7a de Juiz de Fora acontece em agosto nos mais diversos espa\u00e7os culturais da cidade. Dentre destaques, a humorista Lol\u00f3 Neves que abre a campanha com o espet\u00e1culo \u201cNu dos outros \u00e9 refresco!\u201d. Ser\u00e1 na Est\u00e2ncia Dom Vi\u00e7oso, \u00e0s 21h, no dia 3 de agosto.<\/p>\n<p>Em sintonia com o belo, a Galeria Reitoria da UFJF, est\u00e1 com a mostra Persona, em coletiva com o tema \u201cTransitera\u00e7\u00f5es po\u00e9ticas em Fernando Pessoa\u201d.<\/p>\n<p>O Flux Caf\u00e9 na Galeria Pio X, 2\u00ba andar, est\u00e1 expondo fotografias com o tema \u201cIbiti\u201d, em digitais e anal\u00f3gicas do Parque Estadual de Ibitipoca.<\/p>\n<p>Para fluir: Agradar exclusivamente a si \u00e9 bom, mas n\u00e3o chega nem aos p\u00e9s do prazer que resulta de uma situa\u00e7\u00e3o compartilhada. Bom dia.<\/p>\n","protected":false},"excerpt":{"rendered":"<p>Cantoria Agosto promete um m\u00eas de muitas festas. A nova edi\u00e7\u00e3o da Cavalgada Sertaneja ser\u00e1 realizada dia 5 de agosto, no Barc\u00e3o &#8211; Canil First Dog. O bonito encontro de cavaleiros, amazonas e berranteiros ter\u00e1 o tom musical da dupla Guilherme &amp; Gustavo. Dan\u00e7a Para a Campanha de Populariza\u00e7\u00e3o do Teatro e da Dan\u00e7a de [&hellip;]<\/p>\n","protected":false},"author":96,"featured_media":112919,"comment_status":"closed","ping_status":"closed","sticky":false,"template":"","format":"standard","meta":{"footnotes":""},"categories":[264],"tags":[],"class_list":["post-112962","post","type-post","status-publish","format-standard","has-post-thumbnail","hentry","category-eduardo-gomes"],"_links":{"self":[{"href":"https:\/\/diarioregionaldigital.com.br\/index.php?rest_route=\/wp\/v2\/posts\/112962","targetHints":{"allow":["GET"]}}],"collection":[{"href":"https:\/\/diarioregionaldigital.com.br\/index.php?rest_route=\/wp\/v2\/posts"}],"about":[{"href":"https:\/\/diarioregionaldigital.com.br\/index.php?rest_route=\/wp\/v2\/types\/post"}],"author":[{"embeddable":true,"href":"https:\/\/diarioregionaldigital.com.br\/index.php?rest_route=\/wp\/v2\/users\/96"}],"replies":[{"embeddable":true,"href":"https:\/\/diarioregionaldigital.com.br\/index.php?rest_route=%2Fwp%2Fv2%2Fcomments&post=112962"}],"version-history":[{"count":0,"href":"https:\/\/diarioregionaldigital.com.br\/index.php?rest_route=\/wp\/v2\/posts\/112962\/revisions"}],"wp:featuredmedia":[{"embeddable":true,"href":"https:\/\/diarioregionaldigital.com.br\/index.php?rest_route=\/wp\/v2\/media\/112919"}],"wp:attachment":[{"href":"https:\/\/diarioregionaldigital.com.br\/index.php?rest_route=%2Fwp%2Fv2%2Fmedia&parent=112962"}],"wp:term":[{"taxonomy":"category","embeddable":true,"href":"https:\/\/diarioregionaldigital.com.br\/index.php?rest_route=%2Fwp%2Fv2%2Fcategories&post=112962"},{"taxonomy":"post_tag","embeddable":true,"href":"https:\/\/diarioregionaldigital.com.br\/index.php?rest_route=%2Fwp%2Fv2%2Ftags&post=112962"}],"curies":[{"name":"wp","href":"https:\/\/api.w.org\/{rel}","templated":true}]}}