{"id":112890,"date":"2018-07-26T13:46:24","date_gmt":"2018-07-26T16:46:24","guid":{"rendered":"http:\/\/diarioregionaljf.com.br\/?p=112890"},"modified":"2018-07-26T13:46:24","modified_gmt":"2018-07-26T16:46:24","slug":"contagem-recebe-pela-prieira-vez-etapa-do-circuito-ciclistico-sest-senat","status":"publish","type":"post","link":"https:\/\/diarioregionaldigital.com.br\/?p=112890","title":{"rendered":"Contagem recebe pela prieira vez etapa do circuito cicl\u00edstico SEST SENAT"},"content":{"rendered":"<p>Contagem se prepara para receber, pela primeira vez, o\u00a0Circuito Cicl\u00edstico SEST SENAT. No dia\u00a019 de agosto,\u00a0domingo, cerca de\u00a0600 ciclistas\u00a0devem tomar as ruas da cidade. A iniciativa que, j\u00e1 acontece em todo o pa\u00eds, tem como objetivo promover e incentivar a pr\u00e1tica de exerc\u00edcios f\u00edsicos, melhoria da sa\u00fade e qualidade de vida do trabalhador do segmento de Transporte, envolvendo tamb\u00e9m a comunidade. O desafio tem percurso de\u00a08km, com largada e chegada na\u00a0Avenida Severino Ballesteros Rodrigues, na Pra\u00e7a Parque Sarandi, em Contagem-MG.\u00a0A programa\u00e7\u00e3o inicia \u00e0s\u00a08h, com concentra\u00e7\u00e3o, no local, at\u00e9 a largada da prova, marcada para \u00e0s\u00a09 h.<\/p>\n<p>As inscri\u00e7\u00f5es j\u00e1 est\u00e3o abertas e seguem at\u00e9 o dia\u00a003 de agosto, com vagas limitadas. Para os trabalhadores do transporte e seus dependentes cadastrados no sistema SEST SENAT a participa\u00e7\u00e3o \u00e9 gratuita. Nos demais casos, o custo individual \u00e9 de\u00a0R$ 50. A inscri\u00e7\u00e3o d\u00e1 direito a um kit e uma medalha de participa\u00e7\u00e3o.<\/p>\n<p>Para Waldemar Ara\u00fajo, presidente do Conselho Regional do SEST SENAT de Minas Gerais, o Circuito Cicl\u00edstico \u00e9 uma forma de mostrar que o SEST SENAT est\u00e1 sempre preocupado com a sa\u00fade dos trabalhadores do transporte, indo al\u00e9m das atividades desenvolvidas durante o ano. \u201cPromover a\u00e7\u00f5es de sa\u00fade e de melhoria da qualidade de vida, paralelas \u00e0s atividades de desenvolvimento profissional, \u00e9 algo importante para n\u00f3s. Durante os 25 anos de exist\u00eancia, o SEST SENAT continua reafirmando sua miss\u00e3o de promover o bem-estar da categoria. Em 2017, enquanto o pa\u00eds se deparava com os reflexos de uma recess\u00e3o econ\u00f4mica, adotamos estrat\u00e9gias para preparar nosso grupo para a retomada da crise. Prova disso, foi o incremento das presta\u00e7\u00f5es de servi\u00e7os em todas as \u00e1reas, que resultou em mais de 3,8 milh\u00f5es de atendimentos\u201d, comemora Ara\u00fajo.<\/p>\n<p>Durante o evento, os participantes do circuito contar\u00e3o com outros servi\u00e7os e suportes. Quem competir t\u00eam direito ao guarda-volumes, local de frutas, isot\u00f4nicos, barrinhas, medalhas, posto m\u00e9dico com UTI Completa e uma ambul\u00e2ncia b\u00e1sica e p\u00f3rtico de largada e chegada. O SEST SENAT tamb\u00e9m oferece gratuitamente um espa\u00e7o infantil, com promotoras para cuidar das crian\u00e7as, oficina de bicicletas para pequenos ajustes, pipoca, piscina de bolinha, cama el\u00e1stica e algod\u00e3o doce. A estrutura contar\u00e1 com banheiros qu\u00edmicos e palco para sorteio de brindes, locutor, aula de aer\u00f3bica, entre outras atividades.<\/p>\n<p>&nbsp;<\/p>\n<p><strong>Sobre o Circuito Cicl\u00edstico SEST SENAT<\/strong><\/p>\n<p>Visando promover momentos de lazer e melhoria na qualidade de vida dos trabalhadores do transporte e da comunidade, o SEST SENAT realiza, em 2018, um Circuito Cicl\u00edstico de abrang\u00eancia nacional. Ao longo do ano, ocorrer\u00e3o um total de 17 etapas, com passeios em diferentes cidades do Brasil. O desafio passa pelos munic\u00edpios de Petrolina (PE), Marab\u00e1 (PA), Rio Claro (SP), Rio Branco (AC), Fortaleza (CE), An\u00e1polis (GO), Tr\u00eas Lagoas (MS), S\u00e3o Mateus (ES), Foz do Igua\u00e7u (PR), Macei\u00f3 (AL), Rondon\u00f3polis (MT), Vit\u00f3ria da Conquista (BA), Jo\u00e3o Pessoa (PB), Duque de Caxias (RJ), Porto Alegre (RS) e Blumenau (SC).<\/p>\n<p>&nbsp;<\/p>\n<p><strong>SEST SENAT<\/strong><\/p>\n<p>O SEST SENAT completa 25 anos em 2018 e est\u00e1 cada vez mais presente na vida do trabalhador do transporte. Conhecendo os desafios da categoria, a institui\u00e7\u00e3o desenvolve, juntamente com a Confedera\u00e7\u00e3o Nacional do Transporte, o Programa CNT SEST SENAT de Preven\u00e7\u00e3o de Acidentes, uma grande iniciativa que ir\u00e1 ao encontro de profissionais em todo o Brasil, onde quer que estejam.<\/p>\n<p>O Servi\u00e7o Social do Transporte (SEST) e o Servi\u00e7o Nacional de Aprendizagem do Transporte (SENAT) s\u00e3o entidades civis, sem fins lucrativos, que atuam na forma\u00e7\u00e3o e na qualifica\u00e7\u00e3o de profissionais, oferecendo cursos e servi\u00e7os especializados. Priorizam suas a\u00e7\u00f5es, ainda, na \u00e1rea de sa\u00fade, esporte, lazer e cultura, a preven\u00e7\u00e3o de doen\u00e7as, a promo\u00e7\u00e3o e a preserva\u00e7\u00e3o das condi\u00e7\u00f5es saud\u00e1veis dos indiv\u00edduos, o bem-estar f\u00edsico e mental e a inclus\u00e3o e integra\u00e7\u00e3o do indiv\u00edduo na sociedade.<\/p>\n<p>&nbsp;<\/p>\n<p>Fonte: Assessoria<\/p>\n","protected":false},"excerpt":{"rendered":"<p>Contagem se prepara para receber, pela primeira vez, o\u00a0Circuito Cicl\u00edstico SEST SENAT. No dia\u00a019 de agosto,\u00a0domingo, cerca de\u00a0600 ciclistas\u00a0devem tomar as ruas da cidade. A iniciativa que, j\u00e1 acontece em todo o pa\u00eds, tem como objetivo promover e incentivar a pr\u00e1tica de exerc\u00edcios f\u00edsicos, melhoria da sa\u00fade e qualidade de vida do trabalhador do segmento [&hellip;]<\/p>\n","protected":false},"author":96,"featured_media":112892,"comment_status":"closed","ping_status":"closed","sticky":false,"template":"","format":"standard","meta":{"footnotes":""},"categories":[436,257,439],"tags":[],"class_list":["post-112890","post","type-post","status-publish","format-standard","has-post-thumbnail","hentry","category-destaque-da-semana","category-esporte","category-ultima-hora"],"_links":{"self":[{"href":"https:\/\/diarioregionaldigital.com.br\/index.php?rest_route=\/wp\/v2\/posts\/112890","targetHints":{"allow":["GET"]}}],"collection":[{"href":"https:\/\/diarioregionaldigital.com.br\/index.php?rest_route=\/wp\/v2\/posts"}],"about":[{"href":"https:\/\/diarioregionaldigital.com.br\/index.php?rest_route=\/wp\/v2\/types\/post"}],"author":[{"embeddable":true,"href":"https:\/\/diarioregionaldigital.com.br\/index.php?rest_route=\/wp\/v2\/users\/96"}],"replies":[{"embeddable":true,"href":"https:\/\/diarioregionaldigital.com.br\/index.php?rest_route=%2Fwp%2Fv2%2Fcomments&post=112890"}],"version-history":[{"count":0,"href":"https:\/\/diarioregionaldigital.com.br\/index.php?rest_route=\/wp\/v2\/posts\/112890\/revisions"}],"wp:featuredmedia":[{"embeddable":true,"href":"https:\/\/diarioregionaldigital.com.br\/index.php?rest_route=\/wp\/v2\/media\/112892"}],"wp:attachment":[{"href":"https:\/\/diarioregionaldigital.com.br\/index.php?rest_route=%2Fwp%2Fv2%2Fmedia&parent=112890"}],"wp:term":[{"taxonomy":"category","embeddable":true,"href":"https:\/\/diarioregionaldigital.com.br\/index.php?rest_route=%2Fwp%2Fv2%2Fcategories&post=112890"},{"taxonomy":"post_tag","embeddable":true,"href":"https:\/\/diarioregionaldigital.com.br\/index.php?rest_route=%2Fwp%2Fv2%2Ftags&post=112890"}],"curies":[{"name":"wp","href":"https:\/\/api.w.org\/{rel}","templated":true}]}}