{"id":112887,"date":"2018-07-26T13:15:46","date_gmt":"2018-07-26T16:15:46","guid":{"rendered":"http:\/\/diarioregionaljf.com.br\/?p=112887"},"modified":"2018-07-26T13:15:46","modified_gmt":"2018-07-26T16:15:46","slug":"homem-e-assassinado-com-6-tiros-em-miradouro","status":"publish","type":"post","link":"https:\/\/diarioregionaldigital.com.br\/?p=112887","title":{"rendered":"Homem \u00e9 assassinado com 6 tiros em Miradouro"},"content":{"rendered":"<p>Um homem de 32 anos foi executado com seis tiros, no fim da noite dessa quarta-feira, 25, na cidade de Miradouro &#8211; a 30 km de Muria\u00e9 -, no bairro Bela Vista. Ainda n\u00e3o h\u00e1 informa\u00e7\u00f5es oficiais sobre a motiva\u00e7\u00e3o do crime.<\/p>\n<p>De acordo com o Boletim de Ocorr\u00eancia da Pol\u00edcia Militar (PM), ap\u00f3s liga\u00e7\u00f5es via 190 uma equipe encontrou o rapaz ca\u00eddo, na rua Vereador Lauzinho Cunha, com v\u00e1rios ferimentos a bala nas costas e sem sinais vitais.<\/p>\n<p>Conforme os militares, a per\u00edcia da Pol\u00edcia Civil (PC) constatou o total de seis perfura\u00e7\u00f5es no corpo da v\u00edtima, sendo quatro nas costas e duas na nuca. Ap\u00f3s o trabalho, o cad\u00e1ver foi trazido por uma ag\u00eancia funer\u00e1ria ao Instituto M\u00e9dico Legal (IML) de Muria\u00e9.<\/p>\n<p>Ainda segundo o registro da PM, cerca de uma hora antes do homic\u00eddio a corpora\u00e7\u00e3o recebeu den\u00fancia an\u00f4nima informando sobre tr\u00eas homens que estariam armados na mesma regi\u00e3o onde o crime aconteceu, por\u00e9m, apesar dos rastreamentos, os mesmo n\u00e3o foram localizados.<\/p>\n<p>A Pol\u00edcia Civil\u00a0vai investigar o caso.<\/p>\n<p>&nbsp;<\/p>\n<p>Fonte: R\u00e1dio Muria\u00e9<\/p>\n<p>&nbsp;<\/p>\n","protected":false},"excerpt":{"rendered":"<p>Um homem de 32 anos foi executado com seis tiros, no fim da noite dessa quarta-feira, 25, na cidade de Miradouro &#8211; a 30 km de Muria\u00e9 -, no bairro Bela Vista. Ainda n\u00e3o h\u00e1 informa\u00e7\u00f5es oficiais sobre a motiva\u00e7\u00e3o do crime. De acordo com o Boletim de Ocorr\u00eancia da Pol\u00edcia Militar (PM), ap\u00f3s liga\u00e7\u00f5es [&hellip;]<\/p>\n","protected":false},"author":96,"featured_media":112888,"comment_status":"closed","ping_status":"closed","sticky":false,"template":"","format":"standard","meta":{"footnotes":""},"categories":[252,439],"tags":[],"class_list":["post-112887","post","type-post","status-publish","format-standard","has-post-thumbnail","hentry","category-regiao","category-ultima-hora"],"_links":{"self":[{"href":"https:\/\/diarioregionaldigital.com.br\/index.php?rest_route=\/wp\/v2\/posts\/112887","targetHints":{"allow":["GET"]}}],"collection":[{"href":"https:\/\/diarioregionaldigital.com.br\/index.php?rest_route=\/wp\/v2\/posts"}],"about":[{"href":"https:\/\/diarioregionaldigital.com.br\/index.php?rest_route=\/wp\/v2\/types\/post"}],"author":[{"embeddable":true,"href":"https:\/\/diarioregionaldigital.com.br\/index.php?rest_route=\/wp\/v2\/users\/96"}],"replies":[{"embeddable":true,"href":"https:\/\/diarioregionaldigital.com.br\/index.php?rest_route=%2Fwp%2Fv2%2Fcomments&post=112887"}],"version-history":[{"count":0,"href":"https:\/\/diarioregionaldigital.com.br\/index.php?rest_route=\/wp\/v2\/posts\/112887\/revisions"}],"wp:featuredmedia":[{"embeddable":true,"href":"https:\/\/diarioregionaldigital.com.br\/index.php?rest_route=\/wp\/v2\/media\/112888"}],"wp:attachment":[{"href":"https:\/\/diarioregionaldigital.com.br\/index.php?rest_route=%2Fwp%2Fv2%2Fmedia&parent=112887"}],"wp:term":[{"taxonomy":"category","embeddable":true,"href":"https:\/\/diarioregionaldigital.com.br\/index.php?rest_route=%2Fwp%2Fv2%2Fcategories&post=112887"},{"taxonomy":"post_tag","embeddable":true,"href":"https:\/\/diarioregionaldigital.com.br\/index.php?rest_route=%2Fwp%2Fv2%2Ftags&post=112887"}],"curies":[{"name":"wp","href":"https:\/\/api.w.org\/{rel}","templated":true}]}}