{"id":112884,"date":"2018-07-26T12:53:32","date_gmt":"2018-07-26T15:53:32","guid":{"rendered":"http:\/\/diarioregionaljf.com.br\/?p=112884"},"modified":"2018-07-26T12:53:32","modified_gmt":"2018-07-26T15:53:32","slug":"jovem-de-laranjal-esta-desaparecido-desde-a-ultima-segunda-feira","status":"publish","type":"post","link":"https:\/\/diarioregionaldigital.com.br\/?p=112884","title":{"rendered":"Jovem de Laranjal est\u00e1 desaparecido desde a \u00faltima segunda-feira"},"content":{"rendered":"<p>Felipe Reis Ligeiro, o &#8220;Biski&#8221;, de 19 anos, residente em Laranjal (53 km de Cataguases) est\u00e1 desaparecido desde a noite da \u00faltima segunda-feira, 23. Segundo informa\u00e7\u00f5es da fam\u00edlia \u00e0 Pol\u00edcia Militar, o jovem foi visto pela \u00faltima vez com um colega, por volta das 22 horas, na esquina da Rua Oscar Sp\u00edndola, quando teria entrado em um ve\u00edculo VW Fox, preto, com placas de Leopoldina.<\/p>\n<p>A fam\u00edlia solicita a quem tiver informa\u00e7\u00f5es sobre o seu paradeiro que ligue para o n\u00famero 190 da Pol\u00edcia Militar, ou 181 &#8211; Disque-Den\u00fancia.<\/p>\n<p>De acordo com o registro policial, o amigo de Felipe que, provavelmente poderia dar mais detalhe sobre o ocorrido, at\u00e9 o fechamento desta mat\u00e9ria, tamb\u00e9m n\u00e3o havia sido localizado pelos policiais. Felipe usava um casaco dupla face com um lado branco e outro xadrez de azul e branco. Ele \u00e9 branco, tem tatuagem no bra\u00e7o direito e estatura mediana.<\/p>\n<p>&nbsp;<\/p>\n<p>Fonte: Marcelo Lopes<\/p>\n","protected":false},"excerpt":{"rendered":"<p>Felipe Reis Ligeiro, o &#8220;Biski&#8221;, de 19 anos, residente em Laranjal (53 km de Cataguases) est\u00e1 desaparecido desde a noite da \u00faltima segunda-feira, 23. Segundo informa\u00e7\u00f5es da fam\u00edlia \u00e0 Pol\u00edcia Militar, o jovem foi visto pela \u00faltima vez com um colega, por volta das 22 horas, na esquina da Rua Oscar Sp\u00edndola, quando teria entrado [&hellip;]<\/p>\n","protected":false},"author":96,"featured_media":112885,"comment_status":"closed","ping_status":"closed","sticky":false,"template":"","format":"standard","meta":{"footnotes":""},"categories":[252,439],"tags":[],"class_list":["post-112884","post","type-post","status-publish","format-standard","has-post-thumbnail","hentry","category-regiao","category-ultima-hora"],"_links":{"self":[{"href":"https:\/\/diarioregionaldigital.com.br\/index.php?rest_route=\/wp\/v2\/posts\/112884","targetHints":{"allow":["GET"]}}],"collection":[{"href":"https:\/\/diarioregionaldigital.com.br\/index.php?rest_route=\/wp\/v2\/posts"}],"about":[{"href":"https:\/\/diarioregionaldigital.com.br\/index.php?rest_route=\/wp\/v2\/types\/post"}],"author":[{"embeddable":true,"href":"https:\/\/diarioregionaldigital.com.br\/index.php?rest_route=\/wp\/v2\/users\/96"}],"replies":[{"embeddable":true,"href":"https:\/\/diarioregionaldigital.com.br\/index.php?rest_route=%2Fwp%2Fv2%2Fcomments&post=112884"}],"version-history":[{"count":0,"href":"https:\/\/diarioregionaldigital.com.br\/index.php?rest_route=\/wp\/v2\/posts\/112884\/revisions"}],"wp:featuredmedia":[{"embeddable":true,"href":"https:\/\/diarioregionaldigital.com.br\/index.php?rest_route=\/wp\/v2\/media\/112885"}],"wp:attachment":[{"href":"https:\/\/diarioregionaldigital.com.br\/index.php?rest_route=%2Fwp%2Fv2%2Fmedia&parent=112884"}],"wp:term":[{"taxonomy":"category","embeddable":true,"href":"https:\/\/diarioregionaldigital.com.br\/index.php?rest_route=%2Fwp%2Fv2%2Fcategories&post=112884"},{"taxonomy":"post_tag","embeddable":true,"href":"https:\/\/diarioregionaldigital.com.br\/index.php?rest_route=%2Fwp%2Fv2%2Ftags&post=112884"}],"curies":[{"name":"wp","href":"https:\/\/api.w.org\/{rel}","templated":true}]}}