{"id":112880,"date":"2018-07-26T11:55:50","date_gmt":"2018-07-26T14:55:50","guid":{"rendered":"http:\/\/diarioregionaljf.com.br\/?p=112880"},"modified":"2018-07-26T11:56:08","modified_gmt":"2018-07-26T14:56:08","slug":"maior-eclipse-total-da-lua-do-seculo-21-ocorre-nesta-sexta","status":"publish","type":"post","link":"https:\/\/diarioregionaldigital.com.br\/?p=112880","title":{"rendered":"Maior eclipse total da Lua do s\u00e9culo 21 ocorre nesta sexta"},"content":{"rendered":"<p>Olhar para o c\u00e9u no in\u00edcio da noite de amanh\u00e3, 27, ser\u00e1 um convite obrigat\u00f3rio. A partir das 16h30 come\u00e7a o eclipse lunar mais longo do s\u00e9culo 21, que deve durar cerca de uma hora e 43 minutos. Em quase todo o planeta ser\u00e1 poss\u00edvel acompanhar o fen\u00f4meno que, geralmente, ocorre duas vezes por ano, com um tempo de dura\u00e7\u00e3o de 60 a 80 minutos, podendo durar at\u00e9 muito menos. Em 2015, por exemplo, a cobertura total da Lua durou apenas 12 minutos.<\/p>\n<p>\u201cAgora a Lua vai atravessar bem no centro da sombra da Terra\u201d, explicou a pesquisadora Josina Nascimento, do Observat\u00f3rio Nacional. E \u00e9 por isso que vai demorar mais tempo at\u00e9 que ela volte a aparecer. Mas, no Brasil, essa fase do eclipse n\u00e3o ser\u00e1 vis\u00edvel pelo per\u00edodo integral de 104 minutos. \u201cToda a parte leste do Brasil vai ver a Lua nascer j\u00e1 durante o eclipse total. Dependendo do lugar, no Rio de Janeiro, por exemplo, a Lua vai nascer 17h26, quando o c\u00e9u ainda estar\u00e1 claro. Por volta de 18h13, fica mais vis\u00edvel e \u00e9 quando come\u00e7a o eclipse parcial [quando a Lua come\u00e7a a sair da sombra da Terra]\u201d, afirmou.<\/p>\n<p>O eclipse da Lua acontece quando o Sol, Terra e Lua ficam alinhados nesta ordem. O Sol, iluminando a Terra, faz uma sombra no espa\u00e7o em duas partes: a penumbra, que ainda revela raios do Sol, e a umbra que n\u00e3o recebe qualquer feixe de luz. \u201cQuando a Lua, caminhando em torno da Terra, penetra totalmente na sombra escura temos o eclipse total\u201d, completou a pesquisadora.<\/p>\n<p>No Brasil, em toda a parte leste do pa\u00eds, a Lua j\u00e1 vai nascer na fase total do eclipse, fase que termina \u00e0s 18h13, no hor\u00e1rio de Bras\u00edlia. A partir desse hor\u00e1rio, a Lua come\u00e7a a sair da sombra mais escura da Terra [umbra], iniciando o eclipse parcial, que dura at\u00e9 19h19. O fen\u00f4meno completo, que inclui a fase penumbral do eclipse, termina \u00e0s 20h29. Segundo Josina, o eclipse total ser\u00e1 visto por toda as regi\u00f5es Sul, Sudeste e Nordeste. \u201cO Centro-Oeste e parte da Regi\u00e3o Norte ver\u00e1 o eclipse parcial e a parte mais a oeste da Regi\u00e3o Norte ver\u00e1 somente o eclipse penumbral\u201d, disse.<\/p>\n<p>Se o tempo do fen\u00f4meno j\u00e1 carrega um grau de ineditismo, o espet\u00e1culo promete ser ainda maior pelas cores com as quais a Lua despontar\u00e1 no horizonte: um efeito laranja avermelhado que d\u00e1 nome \u00e0 Lua de Sangue, provocado durante o eclipse total.<\/p>\n<p>\u201cDepois que o sol se p\u00f5e voc\u00ea tem a tonalidade do horizonte avermelhado que \u00e9 causado pelos raios de sol passando pela atmosfera. Ou seja, mesmo sem ver o sol, ainda recebe um pouco dessa luz. Os tons vermelhos s\u00e3o os menos filtrados e acabam se destacando mais. O mesmo acontece no eclipse total da Lua. Quando est\u00e1 totalmente na umbra [sombra mais escura da Terra] fica totalmente escura mas ainda chegam \u00e0 Lua os raios solares que passam pela atmosfera da Terra. Passam os mais pr\u00f3ximos do vermelho e ela fica com essa tonalidade\u201d, explicou a pesquisadora.<\/p>\n<p>O show celeste ainda promete a maior visibilidade de planetas que estar\u00e3o na mesma linha. Marte, sem d\u00favida, merecer\u00e1 o destaque por estar, desde o in\u00edcio do ano, em m\u00e1xima brilh\u00e2ncia, se destacando como um ponto vermelho ao lado da Lua. O pico desse efeito est\u00e1 previsto para o dia 3 de agosto, mas j\u00e1 \u00e9 imposs\u00edvel ignorar a presen\u00e7a desse planeta visto a olhos nus. \u201cJ\u00fapiter tamb\u00e9m estar\u00e1 no alto. V\u00eanus est\u00e1 a oeste e Saturno estar\u00e1 entre Marte e J\u00fapiter, na mesma linha, tamb\u00e9m muito brilhante mas menos que Marte.\u201d<\/p>\n<p>&nbsp;<\/p>\n<p><strong>Fonte: Ag\u00eancia Brasil<\/strong><\/p>\n","protected":false},"excerpt":{"rendered":"<p>Olhar para o c\u00e9u no in\u00edcio da noite de amanh\u00e3, 27, ser\u00e1 um convite obrigat\u00f3rio. A partir das 16h30 come\u00e7a o eclipse lunar mais longo do s\u00e9culo 21, que deve durar cerca de uma hora e 43 minutos. Em quase todo o planeta ser\u00e1 poss\u00edvel acompanhar o fen\u00f4meno que, geralmente, ocorre duas vezes por ano, [&hellip;]<\/p>\n","protected":false},"author":96,"featured_media":112881,"comment_status":"closed","ping_status":"closed","sticky":false,"template":"","format":"standard","meta":{"footnotes":""},"categories":[302,436,439],"tags":[],"class_list":["post-112880","post","type-post","status-publish","format-standard","has-post-thumbnail","hentry","category-brasil-mundo","category-destaque-da-semana","category-ultima-hora"],"_links":{"self":[{"href":"https:\/\/diarioregionaldigital.com.br\/index.php?rest_route=\/wp\/v2\/posts\/112880","targetHints":{"allow":["GET"]}}],"collection":[{"href":"https:\/\/diarioregionaldigital.com.br\/index.php?rest_route=\/wp\/v2\/posts"}],"about":[{"href":"https:\/\/diarioregionaldigital.com.br\/index.php?rest_route=\/wp\/v2\/types\/post"}],"author":[{"embeddable":true,"href":"https:\/\/diarioregionaldigital.com.br\/index.php?rest_route=\/wp\/v2\/users\/96"}],"replies":[{"embeddable":true,"href":"https:\/\/diarioregionaldigital.com.br\/index.php?rest_route=%2Fwp%2Fv2%2Fcomments&post=112880"}],"version-history":[{"count":0,"href":"https:\/\/diarioregionaldigital.com.br\/index.php?rest_route=\/wp\/v2\/posts\/112880\/revisions"}],"wp:featuredmedia":[{"embeddable":true,"href":"https:\/\/diarioregionaldigital.com.br\/index.php?rest_route=\/wp\/v2\/media\/112881"}],"wp:attachment":[{"href":"https:\/\/diarioregionaldigital.com.br\/index.php?rest_route=%2Fwp%2Fv2%2Fmedia&parent=112880"}],"wp:term":[{"taxonomy":"category","embeddable":true,"href":"https:\/\/diarioregionaldigital.com.br\/index.php?rest_route=%2Fwp%2Fv2%2Fcategories&post=112880"},{"taxonomy":"post_tag","embeddable":true,"href":"https:\/\/diarioregionaldigital.com.br\/index.php?rest_route=%2Fwp%2Fv2%2Ftags&post=112880"}],"curies":[{"name":"wp","href":"https:\/\/api.w.org\/{rel}","templated":true}]}}