{"id":112877,"date":"2018-07-26T11:00:09","date_gmt":"2018-07-26T14:00:09","guid":{"rendered":"http:\/\/diarioregionaljf.com.br\/?p=112877"},"modified":"2018-07-26T11:00:09","modified_gmt":"2018-07-26T14:00:09","slug":"cbf-renova-com-tite-e-edu-gaspar-ate-a-copa-do-catar","status":"publish","type":"post","link":"https:\/\/diarioregionaldigital.com.br\/?p=112877","title":{"rendered":"CBF renova com Tite e Edu Gaspar at\u00e9 a Copa do Catar"},"content":{"rendered":"<p>A CBF renovou os contratos com o treinador Tite e com o coordenador de Sele\u00e7\u00f5es, Edu Gaspar, at\u00e9 o final da Copa do Mundo de 2022, no Catar. Com isso, a Sele\u00e7\u00e3o Brasileira tem assegurada a continuidade do projeto por todo o pr\u00f3ximo ciclo. Os profissionais j\u00e1 atuam na prepara\u00e7\u00e3o para os dois pr\u00f3ximos jogos amistosos, marcados para os dias 7 e 11 de setembro, nos Estados Unidos.<\/p>\n<p>\u2013 A CBF est\u00e1 investindo em um projeto de longo prazo ao garantir \u00e0 Comiss\u00e3o T\u00e9cnica seis anos e meio \u00e0 frente da Sele\u00e7\u00e3o.\u00a0Acreditamos que planejamento cuidadoso e execu\u00e7\u00e3o criteriosa conduzir\u00e3o o futebol brasileiro aos resultados que esperamos \u2013 afirma o diretor Executivo de Gest\u00e3o da entidade, Rog\u00e9rio Caboclo.<\/p>\n<p>Para Rog\u00e9rio Caboclo, que foi o chefe da delega\u00e7\u00e3o brasileira na Copa da R\u00fassia, a renova\u00e7\u00e3o com Tite e Edu foi uma decis\u00e3o natural.<\/p>\n<p>\u2013 Ao longo dessa primeira fase na CBF eles demonstraram alinhamento a valores que acreditamos muito, como talento, compet\u00eancia e dedica\u00e7\u00e3o \u2013 concluiu.<\/p>\n<p>Edu destaca o apoio que a Comiss\u00e3o T\u00e9cnica obteve da dire\u00e7\u00e3o da CBF e entende que a renova\u00e7\u00e3o \u00e9 um reconhecimento de que o trabalho est\u00e1 no caminho certo.<\/p>\n<p>\u2013 A equipe teve as condi\u00e7\u00f5es necess\u00e1rias para uma prepara\u00e7\u00e3o de primeira linha em todos os momentos. A CBF n\u00e3o poupou esfor\u00e7os em nos atender e isso criou um ambiente de apoio e de respeito que nos d\u00e1 tranquilidade para a continuidade do trabalho\u00a0\u2013 disse Edu.<\/p>\n<p>Para Tite, \u201ca experi\u00eancia desse primeiro ciclo estabeleceu uma rela\u00e7\u00e3o de confian\u00e7a entre todos, que vai se refletir no pr\u00f3ximo passo&#8221;. Para o treinador, o aprendizado servir\u00e1 de base para a nova etapa, que tem grandes objetivos.<\/p>\n<p>\u2013 Entendo que a CBF nos deu as condi\u00e7\u00f5es para construir um ambiente de uni\u00e3o e de profissionalismo extremo e assim continuaremos. \u00c9 um grande desafio e estamos felizes em enfrent\u00e1-lo, j\u00e1 com o foco voltado aos pr\u00f3ximos jogos e competi\u00e7\u00f5es\u00a0\u2013 finalizou Tite, que soma 26 partidas \u00e0 frente da Sele\u00e7\u00e3o Brasileira, com 20 vit\u00f3rias, 4 empates e 2 derrotas.<\/p>\n<p>Fonte: CBF<\/p>\n","protected":false},"excerpt":{"rendered":"<p>A CBF renovou os contratos com o treinador Tite e com o coordenador de Sele\u00e7\u00f5es, Edu Gaspar, at\u00e9 o final da Copa do Mundo de 2022, no Catar. Com isso, a Sele\u00e7\u00e3o Brasileira tem assegurada a continuidade do projeto por todo o pr\u00f3ximo ciclo. Os profissionais j\u00e1 atuam na prepara\u00e7\u00e3o para os dois pr\u00f3ximos jogos [&hellip;]<\/p>\n","protected":false},"author":96,"featured_media":112878,"comment_status":"closed","ping_status":"closed","sticky":false,"template":"","format":"standard","meta":{"footnotes":""},"categories":[257,439],"tags":[],"class_list":["post-112877","post","type-post","status-publish","format-standard","has-post-thumbnail","hentry","category-esporte","category-ultima-hora"],"_links":{"self":[{"href":"https:\/\/diarioregionaldigital.com.br\/index.php?rest_route=\/wp\/v2\/posts\/112877","targetHints":{"allow":["GET"]}}],"collection":[{"href":"https:\/\/diarioregionaldigital.com.br\/index.php?rest_route=\/wp\/v2\/posts"}],"about":[{"href":"https:\/\/diarioregionaldigital.com.br\/index.php?rest_route=\/wp\/v2\/types\/post"}],"author":[{"embeddable":true,"href":"https:\/\/diarioregionaldigital.com.br\/index.php?rest_route=\/wp\/v2\/users\/96"}],"replies":[{"embeddable":true,"href":"https:\/\/diarioregionaldigital.com.br\/index.php?rest_route=%2Fwp%2Fv2%2Fcomments&post=112877"}],"version-history":[{"count":0,"href":"https:\/\/diarioregionaldigital.com.br\/index.php?rest_route=\/wp\/v2\/posts\/112877\/revisions"}],"wp:featuredmedia":[{"embeddable":true,"href":"https:\/\/diarioregionaldigital.com.br\/index.php?rest_route=\/wp\/v2\/media\/112878"}],"wp:attachment":[{"href":"https:\/\/diarioregionaldigital.com.br\/index.php?rest_route=%2Fwp%2Fv2%2Fmedia&parent=112877"}],"wp:term":[{"taxonomy":"category","embeddable":true,"href":"https:\/\/diarioregionaldigital.com.br\/index.php?rest_route=%2Fwp%2Fv2%2Fcategories&post=112877"},{"taxonomy":"post_tag","embeddable":true,"href":"https:\/\/diarioregionaldigital.com.br\/index.php?rest_route=%2Fwp%2Fv2%2Ftags&post=112877"}],"curies":[{"name":"wp","href":"https:\/\/api.w.org\/{rel}","templated":true}]}}