{"id":112874,"date":"2018-07-26T10:56:23","date_gmt":"2018-07-26T13:56:23","guid":{"rendered":"http:\/\/diarioregionaljf.com.br\/?p=112874"},"modified":"2018-07-26T10:56:23","modified_gmt":"2018-07-26T13:56:23","slug":"definido-quadrangular-final-do-campeonato-do-interior-sub-20","status":"publish","type":"post","link":"https:\/\/diarioregionaldigital.com.br\/?p=112874","title":{"rendered":"Definido Quadrangular Final do Campeonato do interior sub-20"},"content":{"rendered":"<p>Montes Claros T\u00eanis Clube e Tupi Futsal v\u00e3o decidir o Campeonato do Interior sub-20 ao lado de Praia Clube e Patroc\u00ednio T\u00eanis Clube.<\/p>\n<p>As duas \u00faltimas vagas foram definidas nesse fim de semana, em uma chave que ainda contava com a Prefeitura de Tr\u00eas Cora\u00e7\u00f5es.<\/p>\n<p>JOGOS<\/p>\n<p>A chave B da semifinal da categoria foi disputada no Gin\u00e1sio da UFJF, em Juiz de Fora. A primeira partida ocorreu na sexta (20) e a equipe da casa estreou com derrota. O Montes Claros T\u00eanis Clube venceu o Tupi por 4 x 2.<\/p>\n<p>No dia seguinte, a equipe de Montes Claros garantiu a sua classifica\u00e7\u00e3o e a primeira posi\u00e7\u00e3o do grupo, com uma goleada sobre a Prefeitura de Tr\u00eas Cora\u00e7\u00f5es por 12 x 4.<\/p>\n<p>&nbsp;<\/p>\n<p><strong>Fonte: FMFUTSAL<\/strong><\/p>\n","protected":false},"excerpt":{"rendered":"<p>Montes Claros T\u00eanis Clube e Tupi Futsal v\u00e3o decidir o Campeonato do Interior sub-20 ao lado de Praia Clube e Patroc\u00ednio T\u00eanis Clube. As duas \u00faltimas vagas foram definidas nesse fim de semana, em uma chave que ainda contava com a Prefeitura de Tr\u00eas Cora\u00e7\u00f5es. JOGOS A chave B da semifinal da categoria foi disputada [&hellip;]<\/p>\n","protected":false},"author":96,"featured_media":112875,"comment_status":"closed","ping_status":"closed","sticky":false,"template":"","format":"standard","meta":{"footnotes":""},"categories":[257,439],"tags":[],"class_list":["post-112874","post","type-post","status-publish","format-standard","has-post-thumbnail","hentry","category-esporte","category-ultima-hora"],"_links":{"self":[{"href":"https:\/\/diarioregionaldigital.com.br\/index.php?rest_route=\/wp\/v2\/posts\/112874","targetHints":{"allow":["GET"]}}],"collection":[{"href":"https:\/\/diarioregionaldigital.com.br\/index.php?rest_route=\/wp\/v2\/posts"}],"about":[{"href":"https:\/\/diarioregionaldigital.com.br\/index.php?rest_route=\/wp\/v2\/types\/post"}],"author":[{"embeddable":true,"href":"https:\/\/diarioregionaldigital.com.br\/index.php?rest_route=\/wp\/v2\/users\/96"}],"replies":[{"embeddable":true,"href":"https:\/\/diarioregionaldigital.com.br\/index.php?rest_route=%2Fwp%2Fv2%2Fcomments&post=112874"}],"version-history":[{"count":0,"href":"https:\/\/diarioregionaldigital.com.br\/index.php?rest_route=\/wp\/v2\/posts\/112874\/revisions"}],"wp:featuredmedia":[{"embeddable":true,"href":"https:\/\/diarioregionaldigital.com.br\/index.php?rest_route=\/wp\/v2\/media\/112875"}],"wp:attachment":[{"href":"https:\/\/diarioregionaldigital.com.br\/index.php?rest_route=%2Fwp%2Fv2%2Fmedia&parent=112874"}],"wp:term":[{"taxonomy":"category","embeddable":true,"href":"https:\/\/diarioregionaldigital.com.br\/index.php?rest_route=%2Fwp%2Fv2%2Fcategories&post=112874"},{"taxonomy":"post_tag","embeddable":true,"href":"https:\/\/diarioregionaldigital.com.br\/index.php?rest_route=%2Fwp%2Fv2%2Ftags&post=112874"}],"curies":[{"name":"wp","href":"https:\/\/api.w.org\/{rel}","templated":true}]}}