{"id":112871,"date":"2018-07-26T10:51:28","date_gmt":"2018-07-26T13:51:28","guid":{"rendered":"http:\/\/diarioregionaljf.com.br\/?p=112871"},"modified":"2018-07-26T10:51:28","modified_gmt":"2018-07-26T13:51:28","slug":"arraia-do-pelc-e-este-sabado-no-polivalente-teixeiras","status":"publish","type":"post","link":"https:\/\/diarioregionaldigital.com.br\/?p=112871","title":{"rendered":"\u201cArrai\u00e1 do Pelc\u201d \u00e9 este s\u00e1bado, no Polivalente Teixeiras"},"content":{"rendered":"<p>Os benefici\u00e1rios do Programa de Esporte e Lazer da Cidade (Pelc) ter\u00e3o um s\u00e1bado em clima de festa julina. O \u201cArrai\u00e1 do Pelc\u201d come\u00e7ar\u00e1 \u00e0s 14 horas do dia 28, no campo da Comiss\u00e3o Administrativa de Espa\u00e7o Municipal (Caem) Polivalente Teixeiras, na Rua Prof. No\u00eamia de Mendon\u00e7a, Bairro Teixeiras. O evento acontecer\u00e1 at\u00e9 as 17 horas e promete muita divers\u00e3o, com barraquinhas, comidas t\u00edpicas, quadrilha e brincadeiras.<\/p>\n<p><strong>O Pelc<\/strong><\/p>\n<p>O programa faz parte do conv\u00eanio entre a Prefeitura de Juiz de Fora, atrav\u00e9s da Secretaria de Esporte e Lazer (SEL), e o Minist\u00e9rio do Esporte, do Governo federal. Promove oficinas que proporcionam a pr\u00e1tica de atividades f\u00edsicas, culturais e de lazer, como pol\u00edticas e direitos de todos. As inscri\u00e7\u00f5es podem ser feitas durante todo o ano, diretamente com os professores, nos locais e hor\u00e1rios das aulas.<\/p>\n<p><strong>Confira o endere\u00e7o de todos os n\u00facleos e hor\u00e1rios para inscri\u00e7\u00f5es<\/strong><strong>:<\/strong><\/p>\n<p>Casa da Cultura Alem\u00e3 &#8211; Rua Irm\u00e3o Menrado, 245, Borboleta. Segunda, quarta e sexta, das 9 \u00e0s 11 horas, e de segunda a quinta-feira, das 14 \u00e0s 17 horas<\/p>\n<p>&#8211; Quadra da Escola de Samba Borboleta &#8211; Rua Humberto Menini, 80: inscri\u00e7\u00f5es \u00e0s segundas e quartas-feiras, das 9h30 \u00e0s 10h30, e sexta-feira, das 9 \u00e0s 10 horas.<\/p>\n<p>&#8211; N\u00facleo Aboli\u00e7\u00e3o \u2013 Rua Robson da Costa Magalh\u00e3es, 9, Bairro Bela Aurora: inscri\u00e7\u00f5es das 8h30 \u00e0s 11 horas;<\/p>\n<p>&#8211; Subn\u00facleo Polivalente Teixeiras \u2013 Rua No\u00eamia Mendon\u00e7a, Teixeiras: das 8h30 \u00e0s 11 horas;<\/p>\n<p>&#8211; Subn\u00facleo S\u00e3o Mateus \u2013 Pra\u00e7a Jarbas de Lery Santos: inscri\u00e7\u00f5es na Rua S\u00e3o Mateus, das 8h30 \u00e0s 11 horas e das 14 \u00e0s 17 horas.<\/p>\n<p>&#8211; N\u00facleo \u201cMaria Elba Braga\u201d \u2013 Rua Edgar de Paiva Aguiar, 155, Cer\u00e2mica: inscri\u00e7\u00f5es das 8h30 \u00e0s 11 horas;<\/p>\n<p>&#8211; Subn\u00facleo Travessia \u2013 Rua Jacinto Marcelino, 25, Vila Olavo Costa: inscri\u00e7\u00f5es das 8h30 \u00e0s 11 horas e das 14 \u00e0s 17 horas;<\/p>\n<p>&#8211; Subn\u00facleo Cer\u00e2mica \u2013 Rua Francisco de Almeida \u2013 Cer\u00e2mica: inscri\u00e7\u00f5es das 8h30 \u00e0s 11 horas.<\/p>\n<p><strong>Fonte: Assessoria\/SEL<\/strong><\/p>\n<p><strong>\u00a0<\/strong><\/p>\n","protected":false},"excerpt":{"rendered":"<p>Os benefici\u00e1rios do Programa de Esporte e Lazer da Cidade (Pelc) ter\u00e3o um s\u00e1bado em clima de festa julina. O \u201cArrai\u00e1 do Pelc\u201d come\u00e7ar\u00e1 \u00e0s 14 horas do dia 28, no campo da Comiss\u00e3o Administrativa de Espa\u00e7o Municipal (Caem) Polivalente Teixeiras, na Rua Prof. No\u00eamia de Mendon\u00e7a, Bairro Teixeiras. O evento acontecer\u00e1 at\u00e9 as 17 [&hellip;]<\/p>\n","protected":false},"author":96,"featured_media":112872,"comment_status":"closed","ping_status":"closed","sticky":false,"template":"","format":"standard","meta":{"footnotes":""},"categories":[257,439],"tags":[],"class_list":["post-112871","post","type-post","status-publish","format-standard","has-post-thumbnail","hentry","category-esporte","category-ultima-hora"],"_links":{"self":[{"href":"https:\/\/diarioregionaldigital.com.br\/index.php?rest_route=\/wp\/v2\/posts\/112871","targetHints":{"allow":["GET"]}}],"collection":[{"href":"https:\/\/diarioregionaldigital.com.br\/index.php?rest_route=\/wp\/v2\/posts"}],"about":[{"href":"https:\/\/diarioregionaldigital.com.br\/index.php?rest_route=\/wp\/v2\/types\/post"}],"author":[{"embeddable":true,"href":"https:\/\/diarioregionaldigital.com.br\/index.php?rest_route=\/wp\/v2\/users\/96"}],"replies":[{"embeddable":true,"href":"https:\/\/diarioregionaldigital.com.br\/index.php?rest_route=%2Fwp%2Fv2%2Fcomments&post=112871"}],"version-history":[{"count":0,"href":"https:\/\/diarioregionaldigital.com.br\/index.php?rest_route=\/wp\/v2\/posts\/112871\/revisions"}],"wp:featuredmedia":[{"embeddable":true,"href":"https:\/\/diarioregionaldigital.com.br\/index.php?rest_route=\/wp\/v2\/media\/112872"}],"wp:attachment":[{"href":"https:\/\/diarioregionaldigital.com.br\/index.php?rest_route=%2Fwp%2Fv2%2Fmedia&parent=112871"}],"wp:term":[{"taxonomy":"category","embeddable":true,"href":"https:\/\/diarioregionaldigital.com.br\/index.php?rest_route=%2Fwp%2Fv2%2Fcategories&post=112871"},{"taxonomy":"post_tag","embeddable":true,"href":"https:\/\/diarioregionaldigital.com.br\/index.php?rest_route=%2Fwp%2Fv2%2Ftags&post=112871"}],"curies":[{"name":"wp","href":"https:\/\/api.w.org\/{rel}","templated":true}]}}